{"id":3400,"date":"2018-12-27T04:00:05","date_gmt":"2018-12-27T06:00:05","guid":{"rendered":"http:\/\/agenciasportlight.com.br\/?p=3400"},"modified":"2019-08-27T01:21:18","modified_gmt":"2019-08-27T04:21:18","slug":"uma-hora-e-meia-no-cazaquistao-michel-temer-e-a-escala-que-nao-quer-calar-uma-historia-de-ouro-personagens-controversos-e-bilhoes-de-dolares","status":"publish","type":"post","link":"https:\/\/agenciasportlight.com.br\/index.php\/2018\/12\/27\/uma-hora-e-meia-no-cazaquistao-michel-temer-e-a-escala-que-nao-quer-calar-uma-historia-de-ouro-personagens-controversos-e-bilhoes-de-dolares\/","title":{"rendered":"Dossi\u00ea Renca (3): Uma hora e meia no Cazaquist\u00e3o: Michel Temer e a escala que n\u00e3o quer calar. Uma hist\u00f3ria de ouro, personagens controversos e bilh\u00f5es de d\u00f3lares"},"content":{"rendered":"<p>[dropcap]N[\/dropcap]ingu\u00e9m vai \u00e0 China com escala no Cazaquist\u00e3o. Michel Temer foi. <\/p>\n<p>Uma parada inusitada que motiva interroga\u00e7\u00f5es: qual a raz\u00e3o? O que aconteceu ali? Com quem o presidente se encontrou? Quais s\u00e3o os fatos seguintes no mandato que se relacionam com a visita r\u00e1pida?<\/p>\n<p>A ligeira baldea\u00e7\u00e3o em solo cazaque com 1h33 de dura\u00e7\u00e3o parece pequena para comportar tantas perguntas. <\/p>\n<p>Mas a reuni\u00e3o que aconteceu nesse curto espa\u00e7o de tempo parece longe de todas as respostas. <\/p>\n<p>Poucas vezes um t\u00e3o fugaz encontro juntou tanta gente citada em esc\u00e2ndalos de corrup\u00e7\u00e3o. Dos dois lados. Na comitiva presidencial, estavam Michel Temer e o secret\u00e1rio da presid\u00eancia, Carlos Marun. Do lado anfitri\u00e3o, um empres\u00e1rio cujo extenso prontu\u00e1rio vai merecer aten\u00e7\u00e3o maior alguns par\u00e1grafos abaixo (a foto que abre a reportagem \u00e9 do encontro. O empres\u00e1rio est\u00e1 do lado esquerdo de Temer).<\/p>\n<p>Por enquanto, voltemos at\u00e9 a escala. <\/p>\n<p>O avi\u00e3o presidencial C-767 da FAB, carregando comitiva presidencial com 80 integrantes e tripula\u00e7\u00e3o com 34 militares, pousou em Astana, capital do Cazaquist\u00e3o \u00e0s 17h57, hor\u00e1rio local, do dia 30 de agosto de 2017. Vindo de uma escala em Portugal, depois de ter partido da Base \u00c1erea de Bras\u00edlia \u00e0s 12h30 do dia anterior. \u00c0s 19h30h pontualmente, a aeronave com Michel Temer deixava Astana rumo a Pequim, onde pousou algumas horas depois, 23h59 do dia 30, hor\u00e1rio local, conforme plano de voo obtido atrav\u00e9s da Lei de Acesso \u00e0 Informa\u00e7\u00e3o (&#8220;UACC&#8221; \u00e9 o c\u00f3digo para Astana):<\/p>\n<p><a href=\"http:\/\/agenciasportlight.com.br\/wp-content\/uploads\/2018\/12\/escalartemer1.jpg\"><img loading=\"lazy\" decoding=\"async\" src=\"http:\/\/agenciasportlight.com.br\/wp-content\/uploads\/2018\/12\/escalartemer1.jpg\" alt=\"\" width=\"768\" height=\"211\" class=\"aligncenter size-full wp-image-3402\" srcset=\"https:\/\/agenciasportlight.com.br\/wp-content\/uploads\/2018\/12\/escalartemer1.jpg 768w, https:\/\/agenciasportlight.com.br\/wp-content\/uploads\/2018\/12\/escalartemer1-300x82.jpg 300w\" sizes=\"auto, (max-width: 768px) 100vw, 768px\" \/><\/a><\/p>\n<p><a href=\"http:\/\/agenciasportlight.com.br\/wp-content\/uploads\/2018\/12\/escalatemer2.jpg\"><img loading=\"lazy\" decoding=\"async\" src=\"http:\/\/agenciasportlight.com.br\/wp-content\/uploads\/2018\/12\/escalatemer2.jpg\" alt=\"\" width=\"768\" height=\"190\" class=\"aligncenter size-full wp-image-3403\" srcset=\"https:\/\/agenciasportlight.com.br\/wp-content\/uploads\/2018\/12\/escalatemer2.jpg 768w, https:\/\/agenciasportlight.com.br\/wp-content\/uploads\/2018\/12\/escalatemer2-300x74.jpg 300w\" sizes=\"auto, (max-width: 768px) 100vw, 768px\" \/><\/a><\/p>\n<p>N\u00e3o existe relato oficial nem do Minist\u00e9rio das Rela\u00e7\u00f5es Exteriores sobre as conversas que aconteceram nessa 1h33 em que o presidente do Brasil esteve reunido com Alexander Maskevich nessa inusitada escala. Menos corriqueira ainda por ser de um chefe de estado se encontrando com um empres\u00e1rio para l\u00e1 de controverso. O \u00fanico registro \u00e9 uma foto e breves palavras do pr\u00f3prio Michel Temer nas redes sociais sobre o encontro. \u201cAntes de chegar \u00e0 China, fiz escala no Cazaquist\u00e3o p\/ encontro c\/ empres\u00e1rio q investir\u00e1 bilh\u00f5es de US$ em projetos de infraestrutura na BA\u201d, publicou.<\/p>\n<p>O \u201cempres\u00e1rio q investir\u00e1 bilh\u00f5es de US$ em projetos de infraestrutura na BA\u201d citado efuzivamente por Michel Temer e capaz de parar um avi\u00e3o presidencial \u00e9 Alexander Maskevich. Dono de dupla nacionalidade, 64 anos, cazaque e israelense. Um t\u00edpico oligarca que brotou nos pa\u00edses nascidos com o fim da Uni\u00e3o Sovi\u00e9tica e seus conturbados hist\u00f3ricos. <\/p>\n<p>De fortuna estimada em US$ 3,3 bilh\u00f5es pela tradicional lista da Forbes. Uma parte do patrim\u00f4nio de um dos mais ricos homens do planeta est\u00e1 atrelada a Eurasian Natural Resources Corporation (ENRC), que assumiu junto com outros dois oligarcas (Patokh Chodiev e Alijan Ibragimov). Os tr\u00eas beberam na fonte das cleptocracias que se seguiram a desintegra\u00e7\u00e3o sovi\u00e9tica. A ENRC tem entre suas controladas a Bahia Minera\u00e7\u00e3o (Bamin). No Brasil, entre outras coisas, a Bamin opera a mina de Caetit\u00e9, na Bahia, informa\u00e7\u00e3o que ter\u00e1 relev\u00e2ncia mais abaixo para relacionar a escala cazaque de Temer e fatos do seu governo que se seguiram ao encontro com Alexander Maskevich.<\/p>\n<p>Tema recorrente das p\u00e1ginas policiais na imprensa mundial, Alexander Maskevich foi, juntamente com seus s\u00f3cios no ENRC, alvo de longa investiga\u00e7\u00e3o do Serious Fraud Office (SFO) (numa tradu\u00e7\u00e3o literal \u201cEscrit\u00f3rio de Fraudes Graves\u201d), departamento governamental do Reino Unido que investiga e processa fraudes e corrup\u00e7\u00f5es graves ou complexas. No radar, um rastro de corrup\u00e7\u00e3o por onde a empresa passa pelo mundo. Pa\u00edses como o Cazaquist\u00e3o e a Rep\u00fablica Democr\u00e1tica do Congo. Sempre com um mesmo modus operandi: suborno dos governantes. <\/p>\n<p>No Brasil, os movimentos ao redor de onde o oligarca cazaque passa seriam sentidos ap\u00f3s o encontro com Michel Temer. Exatos 33 dias depois da reuni\u00e3o presidencial com Alexander Maskevich de 31 de agosto de 2017, na escala rumo \u00e0 China e da promessa de bilion\u00e1rios investimentos no pa\u00eds, uma pe\u00e7a-chave do governo no setor da minera\u00e7\u00e3o deixa a \u00f3rbita estatal e anuncia o ingresso na iniciativa privada. <\/p>\n<p>Era o dia 3 de outubro quando Eduardo Ledsham (foto abaixo) teve a sa\u00edda do Conselho de Administra\u00e7\u00e3o do Servi\u00e7o Geol\u00f3gico do Brasil (CPRM) anunciada oficialmente. O assunto j\u00e1 estava nos corredores desde o m\u00eas anterior. Uma sa\u00edda surpreendente, j\u00e1 que o executivo assumira o CPRM em 1\u00ba de agosto de 2016, com a ascens\u00e3o de Michel Temer. O mandato no CPRM seria at\u00e9 2019 se n\u00e3o tivesse sido abortado prematuramente. <\/p>\n<p><a href=\"http:\/\/agenciasportlight.com.br\/wp-content\/uploads\/2018\/12\/ledshamfotovale.jpg\"><img loading=\"lazy\" decoding=\"async\" src=\"http:\/\/agenciasportlight.com.br\/wp-content\/uploads\/2018\/12\/ledshamfotovale.jpg\" alt=\"\" width=\"860\" height=\"560\" class=\"aligncenter size-full wp-image-3424\" srcset=\"https:\/\/agenciasportlight.com.br\/wp-content\/uploads\/2018\/12\/ledshamfotovale.jpg 860w, https:\/\/agenciasportlight.com.br\/wp-content\/uploads\/2018\/12\/ledshamfotovale-300x195.jpg 300w, https:\/\/agenciasportlight.com.br\/wp-content\/uploads\/2018\/12\/ledshamfotovale-768x500.jpg 768w\" sizes=\"auto, (max-width: 860px) 100vw, 860px\" \/><\/a><\/p>\n<p>\u00c9 preciso detalhar o papel do CPRM para entender a imensa import\u00e2ncia estrat\u00e9gica do \u00f3rg\u00e3o vinculado ao Minist\u00e9rio das Minas e Energia. \u00c9 o CPRM que possui e concentra as informa\u00e7\u00f5es sobre toda riqueza mineral do Brasil. Sem qualquer trocadilho f\u00e1cil, as informa\u00e7\u00f5es ali valem muito mais do que ouro. Todos os dados sobre as jazidas minerais do pa\u00eds est\u00e3o mapeadas pelo CMPR. \u00c9 ali que se radiografa onde est\u00e3o essas riquezas e se tem todas as informa\u00e7\u00f5es estrat\u00e9gicas e sigilosas do setor. Que se tornam p\u00fablicas somente depois de algum tempo.<\/p>\n<p>Maior do que a surpresa da sa\u00edda inesperada e prematura de Eduardo Ledsham do \u00f3rg\u00e3o p\u00fablico um ano depois de assumir o comando, foi a revela\u00e7\u00e3o do destino seguinte: 33 dias depois do encontro de Temer e Alexander Maskevich na breve escala do Cazaquist\u00e3o, o diretor-presidente do CMPR, guardi\u00e3o de todas as chaves secretas e informa\u00e7\u00f5es preciosas da geologia brasileira, estava indo para a presid\u00eancia da Bahia Minera\u00e7\u00e3o (BAMIN), a subsidi\u00e1ria brasileira controlada pela Eurasian Natural Resources Corporation (ENRC). A empresa de Alexander Maskevich.<\/p>\n<p>Ainda h\u00e1 uma terceira surpresa maior ainda na sequ\u00eancia dos fatos escala no Cazaquist\u00e3o e encontro Temer\/Maskevic\/sa\u00edda de Ledsham da CPRM\/entrada na BAMIN: a sa\u00edda do \u00f3rg\u00e3o p\u00fablico estrat\u00e9gico para a mineradora foi sem quarentena. <\/p>\n<p>Pela Lei 12.813\/2013, que regulamenta o conflito de interesses na administra\u00e7\u00e3o p\u00fablica, autoridades que ocupam determinados cargos ficam impedidas pelo prazo de seis meses em realizar atividade considerada incompat\u00edvel com o cargo  exercido anteriormente, evitando assim que informa\u00e7\u00f5es estrat\u00e9gicas obtidas em decorr\u00eancia das fun\u00e7\u00f5es p\u00fablicas sejam utilizadas em atividades profissionais ou empresariais de interesse privado.<\/p>\n<p>O caso da sa\u00edda de Eduardo Ledsham do CPRM e ida para a BAMIN foi para a \u201cComiss\u00e3o de \u00c9tica\u201d, \u00f3rg\u00e3o subordinado a presid\u00eancia da rep\u00fablica. No dia 23 de outubro de 2017, exatos vinte dias depois do an\u00fancio da sa\u00edda de Ledsham da vida p\u00fablica, o conselho j\u00e1 tinha seu parecer.<\/p>\n<p>De acordo com o documento, obtido pela reportagem tamb\u00e9m atrav\u00e9s da Lei de Acesso \u00e0 Informa\u00e7\u00e3o, a comiss\u00e3o n\u00e3o viu problemas na sa\u00edda do presidente do \u00f3rg\u00e3o que det\u00e9m os segredos das riquezas minerais para uma empresa que explora essas riquezas sem cumprir um tempo fora: \u201cOpino pela inexist\u00eancia de conflito de interesses na imediata atua\u00e7\u00e3o privada do Sr. Eduardo Jorge Ledsham como diretor-presidente da Bahia Minera\u00e7\u00e3o S.A\u201d.<\/p>\n<p><a href=\"http:\/\/agenciasportlight.com.br\/wp-content\/uploads\/2018\/12\/ledshamquarentena.png\"><img loading=\"lazy\" decoding=\"async\" src=\"http:\/\/agenciasportlight.com.br\/wp-content\/uploads\/2018\/12\/ledshamquarentena.png\" alt=\"\" width=\"481\" height=\"640\" class=\"aligncenter size-full wp-image-3405\" srcset=\"https:\/\/agenciasportlight.com.br\/wp-content\/uploads\/2018\/12\/ledshamquarentena.png 481w, https:\/\/agenciasportlight.com.br\/wp-content\/uploads\/2018\/12\/ledshamquarentena-225x300.png 225w\" sizes=\"auto, (max-width: 481px) 100vw, 481px\" \/><\/a><\/p>\n<p><strong>CONFIRA AQUI AS DUAS PRIMEIRAS REPORTAGENS DO &#8220;DOSSI\u00ca RENCA&#8221;:<\/strong>\t<\/p>\n<p><a href=\"http:\/\/agenciasportlight.com.br\/index.php\/2017\/11\/22\/dossie-renca-1-relatorio-que-embasou-mp-de-extincao-foi-feito-por-servidora-nomeada-poucos-dias-antes-ministro-anunciou-primeiro-para-investidores-estrangeiros\/\">1- DOSSI\u00ca RENCA (1): Relat\u00f3rio que embasou MP de extin\u00e7\u00e3o foi feito por servidora nomeada poucos dias antes. Ministro anunciou primeiro para investidores estrangeiros<\/a><\/p>\n<p><a href=\"http:\/\/agenciasportlight.com.br\/index.php\/2017\/12\/19\/dossie-renca-2-documentos-mostram-acao-de-ministro-por-mineradora-em-detrimento-da-floresta-do-jamanxim\/\">2- DOSSI\u00ca RENCA (2):DOSSI\u00ca RENCA (2): Documentos mostram a\u00e7\u00e3o de ministro a favor de mineradora estrangeira na Floresta do Jamanxim<\/a><\/p>\n<p><a href=\"http:\/\/agenciasportlight.com.br\/wp-content\/uploads\/2018\/12\/ledshamquarentena2.jpg\"><img loading=\"lazy\" decoding=\"async\" src=\"http:\/\/agenciasportlight.com.br\/wp-content\/uploads\/2018\/12\/ledshamquarentena2.jpg\" alt=\"\" width=\"629\" height=\"1016\" class=\"aligncenter size-full wp-image-3406\" srcset=\"https:\/\/agenciasportlight.com.br\/wp-content\/uploads\/2018\/12\/ledshamquarentena2.jpg 629w, https:\/\/agenciasportlight.com.br\/wp-content\/uploads\/2018\/12\/ledshamquarentena2-186x300.jpg 186w\" sizes=\"auto, (max-width: 629px) 100vw, 629px\" \/><\/a><\/p>\n<p>Para obter tal dispensa, Eduardo Ledsham apresentou em suas raz\u00f5es para a Comiss\u00e3o de \u00c9tica a argumenta\u00e7\u00e3o de que suas fun\u00e7\u00f5es na presid\u00eancia da mineradora n\u00e3o teriam a ver com os segredos que a CPRM guarda. E enumerou quest\u00f5es de ordem eminentemente n\u00e3o estrat\u00e9gicas no novo cargo, tais como implementa\u00e7\u00e3o da \u201cterraplanagem, infraestrutura de estradas\u201d e outras. Afirmou ainda que o trabalho a ser desenvolvido na Bamin nada teria a ver com o escopo de atividades e objetivos da CMPR. A comiss\u00e3o aceitou.<\/p>\n<p><a href=\"http:\/\/agenciasportlight.com.br\/wp-content\/uploads\/2018\/12\/ledshamquarentena3.png\"><img loading=\"lazy\" decoding=\"async\" src=\"http:\/\/agenciasportlight.com.br\/wp-content\/uploads\/2018\/12\/ledshamquarentena3.png\" alt=\"\" width=\"481\" height=\"640\" class=\"aligncenter size-full wp-image-3407\" srcset=\"https:\/\/agenciasportlight.com.br\/wp-content\/uploads\/2018\/12\/ledshamquarentena3.png 481w, https:\/\/agenciasportlight.com.br\/wp-content\/uploads\/2018\/12\/ledshamquarentena3-225x300.png 225w\" sizes=\"auto, (max-width: 481px) 100vw, 481px\" \/><\/a><\/p>\n<p>Uma outra data do relat\u00f3rio chama aten\u00e7\u00e3o. O relator da comiss\u00e3o de \u00e9tica aponta que no dia 5 de outubro enviou solicita\u00e7\u00e3o de manifesta\u00e7\u00e3o da auditoria interna da CPRM sobre o pedido de n\u00e3o observ\u00e2ncia de quarentena por Ledsham. O que revela que, ao comunicar a sa\u00edda no dia 3 de outubro, 33 dias depois da reuni\u00e3o de Temer e Maskevich no Cazaquist\u00e3o, Ledsham j\u00e1 havia articulado o pedido de isen\u00e7\u00e3o de quarentena. <\/p>\n<p><a href=\"http:\/\/agenciasportlight.com.br\/wp-content\/uploads\/2018\/12\/quarentenapenultima.jpg\"><img loading=\"lazy\" decoding=\"async\" src=\"http:\/\/agenciasportlight.com.br\/wp-content\/uploads\/2018\/12\/quarentenapenultima.jpg\" alt=\"\" width=\"745\" height=\"196\" class=\"aligncenter size-full wp-image-3416\" srcset=\"https:\/\/agenciasportlight.com.br\/wp-content\/uploads\/2018\/12\/quarentenapenultima.jpg 745w, https:\/\/agenciasportlight.com.br\/wp-content\/uploads\/2018\/12\/quarentenapenultima-300x79.jpg 300w\" sizes=\"auto, (max-width: 745px) 100vw, 745px\" \/><\/a><\/p>\n<p><a href=\"http:\/\/agenciasportlight.com.br\/wp-content\/uploads\/2018\/12\/quarentenaultima-1.jpg\"><img loading=\"lazy\" decoding=\"async\" src=\"http:\/\/agenciasportlight.com.br\/wp-content\/uploads\/2018\/12\/quarentenaultima-1.jpg\" alt=\"\" width=\"747\" height=\"476\" class=\"aligncenter size-full wp-image-3418\" srcset=\"https:\/\/agenciasportlight.com.br\/wp-content\/uploads\/2018\/12\/quarentenaultima-1.jpg 747w, https:\/\/agenciasportlight.com.br\/wp-content\/uploads\/2018\/12\/quarentenaultima-1-300x191.jpg 300w\" sizes=\"auto, (max-width: 747px) 100vw, 747px\" \/><\/a><\/p>\n<p>Isen\u00e7\u00e3o concedida, Eduardo Ledsham assumiu a presid\u00eancia da Bamin. O exame de suas atividades revelam agenda um pouco distinta da \u201cimplementa\u00e7\u00e3o da terraplanagem, infraestrutura de estradas\u201d etc, alegada. \u00c9 verific\u00e1vel nos compromissos p\u00fablicos do executivo a proximidade que se segue com o Pal\u00e1cio do Planalto e os encontros pol\u00edticos representando a nova fun\u00e7\u00e3o, aproveitando o bom tr\u00e2nsito do cargo deixado. <\/p>\n<p>As visitas ao Pal\u00e1cio do Planalto seguem como marca dessa agenda. Como no \u00faltimo dia 13 de agosto, \u00e0s 17h30, quando Eduardo Ledsham foi recebido por Michel Temer ao lado de diversos executivos chineses, pa\u00eds que, com Alexander Maskevich tem parceria na Bamin. <\/p>\n<p>Antes, j\u00e1 tinha estado com o ent\u00e3o secret\u00e1rio-geral da presid\u00eancia, Wellington Moreira Franco no pal\u00e1cio em 17 de janeiro de 2018, levando outros membros da dire\u00e7\u00e3o da Bamin.<br \/>\nMenos de dois meses depois da visita a Moreira Franco, Ledsham voltava ao planalto para estar com Joaquim Lima de Oliveira (secret\u00e1rio da presid\u00eancia), 14 de mar\u00e7o. No dia seguinte seguiu sua intensa agenda no Pal\u00e1cio do Planalto ao encontrar o ministro dos transportes Maur\u00edcio Quintella. Em 5 de junho de 2018 voltou ao pal\u00e1cio para novo encontro na secretaria-geral da presid\u00eancia. Em diversas datas, encontrou-se ainda com governadores, prefeitos, deputados e levou grupos de empres\u00e1rios chineses na Assembleia da Bahia.<\/p>\n<p>[pullquote-left]Proibi\u00e7\u00e3o do financiamento empresarial de campanha incentivou pr\u00e1tica da \u201cPorta-Girat\u00f3ria\u201d como compensa\u00e7\u00e3o[\/pullquote-left]<\/p>\n<p>Uma movimenta\u00e7\u00e3o sem barreiras entre o poder p\u00fablico e a iniciativa privada t\u00edpica de quem transitou entre esses dois mundos em per\u00edodo curto, sem quarentena. A essa pr\u00e1tica, d\u00e1-se o nome de \u201cPorta Girat\u00f3ria\u201d: rodando de um para o outro e levando as informa\u00e7\u00f5es do outro para o um.<\/p>\n<p>A pr\u00e1tica da \u201cPorta-Girat\u00f3ria\u201d e for\u00e7a com que tem se multiplicado desde 2014 tem suas raz\u00f5es didaticamente explicadas na obra \u201cNeoextrativismo Liberal-Conservador: a Pol\u00edtica Mineral e a Quest\u00e3o Agr\u00e1ria no Governo Temer\u201d, dos ge\u00f3logos Ricardo Junior de Assis Fernandes Gon\u00e7alves (UEG) Bruno Milanez (UFJF) e Luiz Jardim Wanderley (UERJ): a proibi\u00e7\u00e3o do financiamento empresarial de campanha acelerou a pr\u00e1tica como compensa\u00e7\u00e3o. <\/p>\n<p>\u201cO caso mais emblem\u00e1tico, por\u00e9m, foi o de Eduardo Jorge Ledsham. Ele deixou, em 2015, a B&#038;A Minera\u00e7\u00e3o, uma junior company criada por Roger Agnelli (ex-presidente da Vale), para assumir a presid\u00eancia do Servi\u00e7o Geol\u00f3gico do Brasil (CPRM) no ano seguinte. O CPRM possui entre outras atribui\u00e7\u00f5es, realizar o levantamento geol\u00f3gico estatal, avaliar jazidas e recursos minerais e gerir informa\u00e7\u00e3o geol\u00f3gica sob responsabilidade do Estado. Durante seu per\u00edodo no CPRM, Ledsham foi um dos defensores do fim das restri\u00e7\u00f5es da minera\u00e7\u00e3o em \u00e1reas de fronteira. Entretanto, Ledsham pediu exonera\u00e7\u00e3o do CPRM em agosto de 2017 e assumiu a presid\u00eancia da Bahia Minera\u00e7\u00e3o S\/A no m\u00eas seguinte. Apesar de a legisla\u00e7\u00e3o exigir quarentena de seis meses para casos como esse, a Comiss\u00e3o de \u00c9tica P\u00fablica da Presid\u00eancia da Rep\u00fablica decidiu que essa exig\u00eancia n\u00e3o se aplicava ao caso de Ledsham\u201d, afirmam os autores.<\/p>\n<p>Do financiamento proibido, chegou-se ao aquecimento da \u201cPorta Girat\u00f3ria\u201d, contam os autores: \u201cDessa forma, o que vemos \u00e9 a utiliza\u00e7\u00e3o de diferentes t\u00e1ticas por parte das companhias mineradoras para exercer seu poder e influenciar decis\u00f5es governamentais. No n\u00edvel federal, h\u00e1 inicialmente a perspectiva associada ao discurso do crescimento econ\u00f4mico e da gera\u00e7\u00e3o de emprego, que faz com que pol\u00edticos, focados em resultados de curto prazo, muitas vezes defendam todo e qualquer projeto de extra\u00e7\u00e3o mineral. Al\u00e9m disso, existem ainda quest\u00f5es de cunho mais instrumentalista. Esse \u00faltimo grupo mostra a adapta\u00e7\u00e3o das mineradoras que, a partir da proibi\u00e7\u00e3o do financiamento de campanha, passaram a se utilizar de forma expl\u00edcita de t\u00e1tica como a porta girat\u00f3ria para influenciar as decis\u00f5es do governo\u201d.<\/p>\n<p>Ainda no lado p\u00fablico e antes de rodar a \u201cporta-girat\u00f3ria\u201d para o setor privado, Eduardo Ledsham apontava para investidores estrangeiros onde estava o mapa das minas. Em dezembro de 2016, em feira tradicional com empres\u00e1rios internacionais do setor, deu detalhes sobre a reserva da RENCA (Reserva Nacional do Cobre e Associados), que viria a ser uma das maiores pol\u00eamicas do governo Michel Temer e falou sobre os 160 quil\u00f4metros onde a  CPRM j\u00e1 tinha mapeado mais de 40  ocorr\u00eancias de  ouro.<\/p>\n<p>Em mar\u00e7o, estava na comitiva do ent\u00e3o ministro de Minas e Energia, Fernando Bezerra Coelho Filho, na conven\u00e7\u00e3o \u201cProspectors and Developers Association of Canada\u201d (PDAC), em Toronto, para antecipar ao empresariado estrangeiro o an\u00fancio de boas oportunidades e da extin\u00e7\u00e3o da (RENCA), como mostra documento publicado <a href=\"http:\/\/agenciasportlight.com.br\/index.php\/2017\/12\/19\/dossie-renca-2-documentos-mostram-acao-de-ministro-por-mineradora-em-detrimento-da-floresta-do-jamanxim\/\">em reportagem deste site publicada em 19 de dezembro de 2017.<\/a><\/p>\n<p>A Ag\u00eancia Sportlight de Jornalismo Investigativo encontrou nos arquivos do Paradise Papers a Cuprum Resources Limited, que consta como de Eduardo Ledsham, aberta em 2010 na Isle of Man. A ilha \u00e9 parte do Reino Unido, distante a uma curta viagem de balsa de Liverpool e conhecida, de acordo com a descri\u00e7\u00e3o de especialistas em investiga\u00e7\u00e3o de lavagem de capitais, por suas empresas de fachada, muitas vezes de propriedade an\u00f4nima e n\u00e3o tributadas, que injetam bilh\u00f5es a cada trimestre nos mercados financeiros. A estimativa \u00e9 de que os bancos da ilha mantenham 68 bilh\u00f5es de euros em ativos por conta dessas empresas. Na \u00e9poca da abertura da Cuprum, Eduardo Ledsham era diretor-executivo de Explora\u00e7\u00e3o, Energia e Projetos da Vale.<\/p>\n<p><a href=\"http:\/\/agenciasportlight.com.br\/wp-content\/uploads\/2018\/12\/ledshampapers.jpg\"><img loading=\"lazy\" decoding=\"async\" src=\"http:\/\/agenciasportlight.com.br\/wp-content\/uploads\/2018\/12\/ledshampapers.jpg\" alt=\"\" width=\"478\" height=\"401\" class=\"aligncenter size-full wp-image-3408\" srcset=\"https:\/\/agenciasportlight.com.br\/wp-content\/uploads\/2018\/12\/ledshampapers.jpg 478w, https:\/\/agenciasportlight.com.br\/wp-content\/uploads\/2018\/12\/ledshampapers-300x252.jpg 300w\" sizes=\"auto, (max-width: 478px) 100vw, 478px\" \/><\/a><\/p>\n<p><strong>Outro lado:<\/strong> <\/p>\n<p><strong>Presid\u00eancia da Rep\u00fablica:<\/strong> <\/p>\n<p>A reportagem enviou quest\u00f5es para o presidente Michel Temer atrav\u00e9s da assessoria de imprensa sobre a escala no Cazaquist\u00e3o e o encontro com o empres\u00e1rio Alexander Maskevich. Se conhecia o hist\u00f3rico do mesmo. Perguntou ainda sobre a sa\u00edda de Eduardo Ledsham logo ap\u00f3s tal encontro e sem quarentena. A resposta segue abaixo:<\/p>\n<p>R- O presidente Michel Temer teve r\u00e1pida reuni\u00e3o com o referido empres\u00e1rio durante escala do Cazaquist\u00e3o a pedido de representantes de governos. O presidente n\u00e3o conhecia o empres\u00e1rio e atendeu \u00e0 solicita\u00e7\u00e3o por se tratar de oportunidade de investimentos no Brasil.<\/p>\n<p><strong>Eduardo Ledsham, atrav\u00e9s da assessoria de imprensa da Bahia Minera\u00e7\u00e3o:<\/strong> <\/p>\n<p>1-  Eduardo Ledsham, diretor-presidente desta empresa, deixou o CMPR sem cumprir quarentena assumiu a presid\u00eancia da Bamin alegando que a futura miss\u00e3o n\u00e3o estava no escopo das atividades da CPRM. Gostaria que comentasse.<\/p>\n<p>R- Eduardo cumpriu todas as formalidades exigidas na legisla\u00e7\u00e3o para sua sa\u00edda da CPRM, seguindo todos os procedimentos necess\u00e1rios, sendo devidamente liberado pela Comiss\u00e3o de \u00c9tica da Presid\u00eancia, que analisou e emitiu parecer indicando que n\u00e3o havia qualquer conflito relacionado a essa nova fun\u00e7\u00e3o.<\/p>\n<p>2-  A ida se d\u00e1 logo ap\u00f3s o encontro de Michel Temer com Alexander Maskevich no Cazaquist\u00e3o, em 30 de agosto de 2017. Gostaria de saber se os fatos se relacionam.<\/p>\n<p>R- Os fatos n\u00e3o se relacionam.<\/p>\n<p>3-  Gostaria de saber se a Cuprum Resources Limited, empresa em nome de Eduardo Ledsham no exterior est\u00e1 registrada na Receita Federal do Brasil.<\/p>\n<p>R- A empresa citada foi criada pela AGN Minera\u00e7\u00e3o e o Banco BTG  para desenvolver um projeto de cobre no Chile.  Eduardo Ledsham foi Diretor Estatut\u00e1rio da mesma at\u00e9 2014, quando se desligou da empresa sem nehuma participa\u00e7\u00e3o societ\u00e1ria.<\/p>\n","protected":false},"excerpt":{"rendered":"<p>Ningu\u00e9m vai \u00e0 China com escala no Cazaquist\u00e3o. Michel Temer foi. <\/p>\n<p>Uma parada inusitada que motiva interroga\u00e7\u00f5es: qual a raz\u00e3o? O que aconteceu ali? Com quem o presidente se encontrou? Quais s\u00e3o os fatos seguintes no mandato que se relacionam com a visita r\u00e1pida?<\/p>\n<p>A ligeira baldea\u00e7\u00e3o em solo cazaque com 1h33 de dura\u00e7\u00e3o parece pequena para comportar tantas perguntas. <\/p>\n<p>Mas a reuni\u00e3o que aconteceu nesse curto espa\u00e7o de tempo parece longe de todas as respostas. <\/p>\n<p>Poucas vezes um t\u00e3o fugaz encontro juntou tanta gente citada em esc\u00e2ndalos de corrup\u00e7\u00e3o. Dos dois lados. Na comitiva presidencial, estavam Michel Temer e o secret\u00e1rio da presid\u00eancia, Carlos Marun. Do lado anfitri\u00e3o, um empres\u00e1rio cujo extenso prontu\u00e1rio vai merecer aten\u00e7\u00e3o maior alguns par\u00e1grafos abaixo (a foto que abre a reportagem \u00e9 do encontro. O empres\u00e1rio est\u00e1 do lado esquerdo de Temer).<\/p>\n<p>Por enquanto, voltemos at\u00e9 a escala. <\/p>\n<a href=\"https:\/\/agenciasportlight.com.br\/index.php\/2018\/12\/27\/uma-hora-e-meia-no-cazaquistao-michel-temer-e-a-escala-que-nao-quer-calar-uma-historia-de-ouro-personagens-controversos-e-bilhoes-de-dolares\/\">Leia mais -><\/a>.","protected":false},"author":1,"featured_media":3401,"comment_status":"open","ping_status":"open","sticky":false,"template":"","format":"image","meta":{"footnotes":""},"categories":[3],"tags":[],"class_list":["post-3400","post","type-post","status-publish","format-image","has-post-thumbnail","hentry","category-reportagem","post_format-post-format-image"],"_links":{"self":[{"href":"https:\/\/agenciasportlight.com.br\/index.php\/wp-json\/wp\/v2\/posts\/3400","targetHints":{"allow":["GET"]}}],"collection":[{"href":"https:\/\/agenciasportlight.com.br\/index.php\/wp-json\/wp\/v2\/posts"}],"about":[{"href":"https:\/\/agenciasportlight.com.br\/index.php\/wp-json\/wp\/v2\/types\/post"}],"author":[{"embeddable":true,"href":"https:\/\/agenciasportlight.com.br\/index.php\/wp-json\/wp\/v2\/users\/1"}],"replies":[{"embeddable":true,"href":"https:\/\/agenciasportlight.com.br\/index.php\/wp-json\/wp\/v2\/comments?post=3400"}],"version-history":[{"count":3,"href":"https:\/\/agenciasportlight.com.br\/index.php\/wp-json\/wp\/v2\/posts\/3400\/revisions"}],"predecessor-version":[{"id":3932,"href":"https:\/\/agenciasportlight.com.br\/index.php\/wp-json\/wp\/v2\/posts\/3400\/revisions\/3932"}],"wp:featuredmedia":[{"embeddable":true,"href":"https:\/\/agenciasportlight.com.br\/index.php\/wp-json\/wp\/v2\/media\/3401"}],"wp:attachment":[{"href":"https:\/\/agenciasportlight.com.br\/index.php\/wp-json\/wp\/v2\/media?parent=3400"}],"wp:term":[{"taxonomy":"category","embeddable":true,"href":"https:\/\/agenciasportlight.com.br\/index.php\/wp-json\/wp\/v2\/categories?post=3400"},{"taxonomy":"post_tag","embeddable":true,"href":"https:\/\/agenciasportlight.com.br\/index.php\/wp-json\/wp\/v2\/tags?post=3400"}],"curies":[{"name":"wp","href":"https:\/\/api.w.org\/{rel}","templated":true}]}}