{"id":3644,"date":"2019-03-31T13:00:29","date_gmt":"2019-03-31T16:00:29","guid":{"rendered":"http:\/\/agenciasportlight.com.br\/?p=3644"},"modified":"2019-03-31T13:16:44","modified_gmt":"2019-03-31T16:16:44","slug":"o-capitao-e-heroi-maior-desse-pais","status":"publish","type":"post","link":"https:\/\/agenciasportlight.com.br\/index.php\/2019\/03\/31\/o-capitao-e-heroi-maior-desse-pais\/","title":{"rendered":"O capit\u00e3o \u00e9 her\u00f3i maior desse pa\u00eds"},"content":{"rendered":"<p>[dropcap]T[\/dropcap]oda vez \u00e9 assim. Nos primeiros acordes, nos primeiros versos&#8230;j\u00e1 conhe\u00e7o aquele n\u00f3.<\/p>\n<p>Vai do \u201cBrasil, meu nego&#8230;\u201d, passa pelo chamado da luta onde a gente se encontra, chega at\u00e9 esse querer pelo pa\u00eds que n\u00e3o t\u00e1 no retrato.<\/p>\n<p>E vai explodir nos que foram de a\u00e7o nos anos de chumbo.<\/p>\n<p>O primeiro pensamento tem sempre dono quando chega a\u00ed. Sempre vai ser assim. Sempre vai t\u00e1 contigo. Seguimos e seguiremos juntos.<\/p>\n<p>Depois vem outros tantos. <\/p>\n<p>Vem o Cid Benjamin, Dona Iramaia, vem em Frei Fernando, no Betto e no Tito, no Z\u00e9 Duarte, que a hist\u00f3ria n\u00e3o conta mas eu sei, no velho Greg\u00f3rio arrastado em uma rua do Recife, mais altivo e digno que todos seus algozes, vem em Dom Marcos Barbosa que voc\u00ea n\u00e3o sabe mas tamb\u00e9m um dia a hist\u00f3ria h\u00e1 de contar. Vem em In\u00eas Etienne, Zuzu, nos milhares de \u00edndios exterminados e que nem entram nas contas oficiais das v\u00edtimas&#8230; Vem em tanta gente.<\/p>\n<p>E vem em S\u00e9rgio Macaco. <\/p>\n<p>Nesse domingo t\u00e3o sombrio, \u00e9 ele que sintetiza todos os pensamentos.<\/p>\n<p>Dez mil? Cinquenta mil? Cem mil?<\/p>\n<p>Quantas vidas brasileiras foram salvas por um dos maiores her\u00f3is disso tudo? <\/p>\n<p>Pensar no Capit\u00e3o S\u00e9rgio Macaco \u00e9 refazer a velha frase. Triste n\u00e3o \u00e9 o pa\u00eds que precisa de her\u00f3is. Triste \u00e9 o pa\u00eds em que o capit\u00e3o her\u00f3i \u00e9 esse que t\u00e1 a\u00ed e n\u00e3o o Capit\u00e3o S\u00e9rgio Macacao.<\/p>\n<p>Triste \u00e9 o pa\u00eds em que talvez seja preciso explicar quem foi S\u00e9rgio Macaco.<\/p>\n<p>Nesses tempos de google, vou me poupar de maiores digress\u00f5es.<\/p>\n<p>Foi o \u201cHomem que disse n\u00e3o\u201d e isso j\u00e1 basta.<\/p>\n<p>Foi o homem que salvou milhares de trabalhadores que estariam voltando pra casa no fim daquele 12 de junho de 68.<\/p>\n<p><a href=\"http:\/\/agenciasportlight.com.br\/wp-content\/uploads\/2019\/03\/sergio-macaco2.jpg\"><img loading=\"lazy\" decoding=\"async\" src=\"http:\/\/agenciasportlight.com.br\/wp-content\/uploads\/2019\/03\/sergio-macaco2.jpg\" alt=\"\" width=\"199\" height=\"253\" class=\"aligncenter size-full wp-image-3646\" \/><\/a><\/p>\n<p>A turma do Burnier, a mais alta patente em verde-oliva, queria explodir o gas\u00f4metro, ali colado na rodovi\u00e1ria, cora\u00e7\u00e3o do caminho de quem tava deixando mais um dia de labuta rumo aos sub\u00farbios e aos destinos da gente trabalhadora. <\/p>\n<p>Era um plano simples. E infal\u00edvel nesse Brasil onde at\u00e9 hoje basta botar tudo na conta de um mesmo inimigo. Um ato terrorista. De dimens\u00e3o em v\u00edtimas maior do que o de Bin Laden. A ser praticado por agentes do estado.<\/p>\n<p>Ningu\u00e9m era mais preparado nas For\u00e7as Armadas do que aquele, que, ao contr\u00e1rio do outro, era exemplar capit\u00e3o.<\/p>\n<p>Homem das for\u00e7as especiais, para-quedista do Para-Sar. Militar at\u00e9 a alma, de verdade. Nem nos melhores sonhos o outro capit\u00e3o chegaria perto do destemor do Macaco em seus anos de servi\u00e7o.<\/p>\n<p>A ele estava destinada a miss\u00e3o. Explodia tudo e botava a culpa \u201cnos comunistas\u201d. E encerrava aquela disputa por cora\u00e7\u00f5es e mentes. <\/p>\n<p>A partir dali tudo valeria, como de fato veio a ser poucos meses depois, dada a senha dos escr\u00fapulos \u00e0s favas do 13 de dezembro daquele ano.<\/p>\n<p>E o Capit\u00e3o S\u00e9rgio Macaco disse n\u00e3o. <\/p>\n<p>O resto vai no Google. Tua escola n\u00e3o te contou essa hist\u00f3ria mas ela t\u00e1 a\u00ed. <\/p>\n<p>A outra escola, a minha, verde e rosa, um dia vai contar. Nem que seja s\u00f3 pelo meu pedido. <\/p>\n<p>Na nossa cantoria, pedirei pros poetas maiores Manu da Cu\u00edca e M\u00e1ximo, pedirei ao Tom\u00e1s e ao Dom\u00eanico pra, no meio daquela alitera\u00e7\u00e3o, botar l\u00e1: &#8220;Marias, Mahins, Marielles, Mal\u00eas&#8230;Macacos&#8221;. S\u00f3 uma vez. E brindaremos a esse brasileiro imenso.<\/p>\n<p>E ainda h\u00e1 de ser contada em todas as classes. Para que nunca mais se ignore onde estavam terroristas. E aquele gas\u00f4metro que nem mais existe um dia ter\u00e1 S\u00e9rgio Macaco dando o nome e est\u00e1tua.<\/p>\n<p>Imposs\u00edvel pensar em algu\u00e9m maior nesses tempos infames. Nossa gente h\u00e1 de saber sobre quem eram os terroristas, quem foi quem. <\/p>\n<p>E quem foi o homem que disse n\u00e3o e impediu a maior trag\u00e9dia da hist\u00f3ria do Brasil.<\/p>\n<p>\u00c9 claro que quem conhece essa hist\u00f3ria n\u00e3o aplaude a barb\u00e1rie de algu\u00e9m que louva algo assim. O que fizeram da gente pra que l\u00e1 fora tenha gente aplaudindo isso? Brasil, meu dengo, volta a ser meu dengo&#8230;<\/p>\n<p>Passar\u00e3o.<\/p>\n<p>Busquei no fundo do arm\u00e1rio uma foto minha com o Capit\u00e3o.<\/p>\n<p><a href=\"http:\/\/agenciasportlight.com.br\/wp-content\/uploads\/2019\/03\/sergio-macaco.jpg\"><img loading=\"lazy\" decoding=\"async\" src=\"http:\/\/agenciasportlight.com.br\/wp-content\/uploads\/2019\/03\/sergio-macaco.jpg\" alt=\"\" width=\"640\" height=\"480\" class=\"aligncenter size-full wp-image-3645\" srcset=\"https:\/\/agenciasportlight.com.br\/wp-content\/uploads\/2019\/03\/sergio-macaco.jpg 640w, https:\/\/agenciasportlight.com.br\/wp-content\/uploads\/2019\/03\/sergio-macaco-300x225.jpg 300w\" sizes=\"auto, (max-width: 640px) 100vw, 640px\" \/><\/a><\/p>\n<p>Logo eu que n\u00e3o gosto de fotos. Alma \u00edndia, a velha convic\u00e7\u00e3o que foto rouba a alma, d\u00e1 azar&#8230;Pedi para muito poucos na vida, tem que ser muito her\u00f3i&#8230;<\/p>\n<p>Revisito o tempo rindo. Inapel\u00e1vel, nem precisa dizer, levou muita coisa que t\u00e1 ali naquela foto. <\/p>\n<p>Mas revendo a imagem depois de tantos anos, \u00e9 Luiz Alexandre Velasco, o n\u00e1ufrago de Gabo, que me ocorre nos pensamentos. Aquele que Gabo nos lembra que \u201ca vida o marcou, mas deixou nele a aura serena do her\u00f3i\u201d.<\/p>\n<p>\u00c9 assim S\u00e9rgio Macaco. O Homem que disse n\u00e3o. Que a vida marcou mas sempre esteve ali, com a aura serena do her\u00f3i. Como a foto grita. Que salvou o Brasil de sua maior trag\u00e9dia, dos milhares de Brumadinhos em n\u00famero de v\u00edtimas, s\u00f3 que ali engendrados por fac\u00ednoras. Terroristas a servi\u00e7o do estado. <\/p>\n<p>Nesse 31 de mar\u00e7o, todos os meus pensamentos est\u00e3o sintetizados em S\u00e9rgio Macaco, her\u00f3i do povo brasileiro. <\/p>\n<p>  Capit\u00e3o S\u00e9rgio Macaco:<br \/>\n&#8211; Presente, agora e sempre!<\/p>\n","protected":false},"excerpt":{"rendered":"<p>Toda vez \u00e9 assim. Nos primeiros acordes, nos primeiros versos&#8230;j\u00e1 conhe\u00e7o aquele n\u00f3.<\/p>\n<p>Vai do \u201cBrasil, meu nego&#8230;\u201d, passa pelo chamado da luta onde a gente se encontra, chega at\u00e9 esse querer pelo pa\u00eds que n\u00e3o t\u00e1 no retrato.<\/p>\n<p>E vai explodir nos que foram de a\u00e7o nos anos de chumbo.<\/p>\n<p>O primeiro pensamento tem sempre dono quando chega a\u00ed.<\/p>\n<p>Depois vem outros tantos. <\/p>\n<a href=\"https:\/\/agenciasportlight.com.br\/index.php\/2019\/03\/31\/o-capitao-e-heroi-maior-desse-pais\/\">Leia mais -><\/a>.","protected":false},"author":1,"featured_media":3649,"comment_status":"open","ping_status":"open","sticky":false,"template":"","format":"image","meta":{"footnotes":""},"categories":[4],"tags":[],"class_list":["post-3644","post","type-post","status-publish","format-image","has-post-thumbnail","hentry","category-opiniao","post_format-post-format-image"],"_links":{"self":[{"href":"https:\/\/agenciasportlight.com.br\/index.php\/wp-json\/wp\/v2\/posts\/3644","targetHints":{"allow":["GET"]}}],"collection":[{"href":"https:\/\/agenciasportlight.com.br\/index.php\/wp-json\/wp\/v2\/posts"}],"about":[{"href":"https:\/\/agenciasportlight.com.br\/index.php\/wp-json\/wp\/v2\/types\/post"}],"author":[{"embeddable":true,"href":"https:\/\/agenciasportlight.com.br\/index.php\/wp-json\/wp\/v2\/users\/1"}],"replies":[{"embeddable":true,"href":"https:\/\/agenciasportlight.com.br\/index.php\/wp-json\/wp\/v2\/comments?post=3644"}],"version-history":[{"count":3,"href":"https:\/\/agenciasportlight.com.br\/index.php\/wp-json\/wp\/v2\/posts\/3644\/revisions"}],"predecessor-version":[{"id":3660,"href":"https:\/\/agenciasportlight.com.br\/index.php\/wp-json\/wp\/v2\/posts\/3644\/revisions\/3660"}],"wp:featuredmedia":[{"embeddable":true,"href":"https:\/\/agenciasportlight.com.br\/index.php\/wp-json\/wp\/v2\/media\/3649"}],"wp:attachment":[{"href":"https:\/\/agenciasportlight.com.br\/index.php\/wp-json\/wp\/v2\/media?parent=3644"}],"wp:term":[{"taxonomy":"category","embeddable":true,"href":"https:\/\/agenciasportlight.com.br\/index.php\/wp-json\/wp\/v2\/categories?post=3644"},{"taxonomy":"post_tag","embeddable":true,"href":"https:\/\/agenciasportlight.com.br\/index.php\/wp-json\/wp\/v2\/tags?post=3644"}],"curies":[{"name":"wp","href":"https:\/\/api.w.org\/{rel}","templated":true}]}}