{"id":3730,"date":"2019-06-11T13:00:36","date_gmt":"2019-06-11T16:00:36","guid":{"rendered":"http:\/\/agenciasportlight.com.br\/?p=3730"},"modified":"2020-09-16T01:54:12","modified_gmt":"2020-09-16T04:54:12","slug":"o-governador-witzel-e-as-caras-ocultas-no-milionario-negocio-de-reconhecimento-facial","status":"publish","type":"post","link":"https:\/\/agenciasportlight.com.br\/index.php\/2019\/06\/11\/o-governador-witzel-e-as-caras-ocultas-no-milionario-negocio-de-reconhecimento-facial\/","title":{"rendered":"O governador Witzel e as caras ocultas no milion\u00e1rio neg\u00f3cio de reconhecimento facial"},"content":{"rendered":"<p>[dropcap]W[\/dropcap]ilson Witzel tem verdadeira obsess\u00e3o pelas c\u00e2meras de reconhecimento facial.<br \/>\nPromessa de campanha para o governo do estado do Rio de Janeiro, o instrumento de combate ao crime vem se multiplicando pelas ruas da capital. Por enquanto, em fase de testes, ainda sem contrata\u00e7\u00e3o ou licita\u00e7\u00e3o. Uma \u201cdegusta\u00e7\u00e3o\u201d oferecida pelos fornecedores. Mas com todos os caminhos indicando j\u00e1 existirem os escolhidos. A tecnologia utilizada, conhecida como \u201cFacewatch\u201d, s\u00f3 n\u00e3o foi suficiente para identificar os rostos que cercam o vultoso neg\u00f3cio a ser feito ao longo dos pr\u00f3ximos anos. Quando se cruzam os dados das empresas a serem beneficiadas pelos eventuais contratos, desponta a imagem de um antigo conhecido da pol\u00edtica brasileira, correligion\u00e1rio de partido e emin\u00eancia parda de Witzel: o Pastor Everaldo. L\u00edder da Assembleia de Deus e presidente do Partido Social Crist\u00e3o (PSC), o mesmo do governador.<\/p>\n<p>Envolvido em diversos esc\u00e2ndalos de corrup\u00e7\u00e3o, citado na Lava Jato por parceria com Eduardo Cunha e na dela\u00e7\u00e3o da Odebrecht por receber R$ 6 milh\u00f5es para favorecer A\u00e9cio Neves na campanha de 2014, respons\u00e1vel por batizar Jair Bolsonaro durante a corrida presidencial, o pastor \u00e9 a ponta final, ainda que n\u00e3o oficialmente, que se relaciona na teia de empresas conectadas no neg\u00f3cio que virou prioridade para Witzel. <\/p>\n<p>N\u00e3o s\u00f3 para Witzel mas tamb\u00e9m para seus aliados na Assembleia Legislativa do Rio de Janeiro (ALERJ), onde j\u00e1 existe um projeto de lei do deputado Vandro Fam\u00edlia (Solidariedade) obrigando locais como o metr\u00f4 a ter c\u00e2meras de reconhecimento facial. O projeto chega a indicar especificamente o \u201cFacewatch\u201d e citar a empresa. <\/p>\n<p>Vale a aten\u00e7\u00e3o. \u00c9 uma cadeia que come\u00e7a no fabricante ingl\u00eas do \u201cFacewatch\u201d e vai terminar no representante brasileiro com amplo hist\u00f3rico de den\u00fancias e umbilical liga\u00e7\u00e3o com o Pastor Everaldo.  <\/p>\n<p> [pullquote-left]A origem. Como nasceu o &#8220;Facewatch&#8221;[\/pullquote-left]<\/p>\n<p>A origem do sistema de reconhecimento facial que povoa todos os planos de Wilson Witzel \u00e9 curiosa.<\/p>\n<p>Uma adega vitoriana na margem norte do Rio Tamisa, em Londres, foi o in\u00edcio de tudo. <\/p>\n<p>\u00c9 o Gordon Wine Bar, a mais antiga casa de vinhos do Reino Unido, aberta em 1890. Um neg\u00f3cio familiar, que passou de pai pra filho at\u00e9 chegar, em 2003, ao atual dono, Simon Gordon.<\/p>\n<p>Da mesa que ocupa todas as noites, motivado por presenciar inerte cerca de 15 roubos de carteira por m\u00eas, resolveu agir. Come\u00e7ou a pensar em um sistema de tecnologia no qual as c\u00e2meras reconheceriam as pessoas flagradas. <\/p>\n<p>Assim nasceu o \u201cFacewatch\u201d, o sistema que tamb\u00e9m batiza a empresa que fundou.<\/p>\n<p>O brinquedo que inventou \u00e9 caro.<\/p>\n<p>De acordo com reportagem publicada no tradional londrino Financial Times, cada c\u00e2mera utilizada sai por duas mil libras, ou seja, algo em torno de R$ 9.800,00 a unidade. <\/p>\n<p>Multiplicando-se pelas dezenas ou centenas necess\u00e1rias em cada projeto, \u00e9 poss\u00edvel ter a dimens\u00e3o do volume de dinheiro a caminho no neg\u00f3cio de reconhecimento facial xod\u00f3 de Wilson Witzel.<\/p>\n<p> [pullquote-left]A Teia. Como funciona:[\/pullquote-left]<\/p>\n<p>Em 2010, Simon Gordon montou a \u201cFacewatch Limited\u201d para venda da tecnologia hom\u00f4nima de reconhecimento facial. Com sede em Londres. Em fevereiro de 2017, Simon Gordon amplia seu neg\u00f3cio criando a \u201cFacewatch Internacional\u201d.<br \/>\nEm seu site, a \u201cFacewatch\u201d inglesa apresenta a \u201cStaff of Security Technologies do Brasil Software ltda\u201d, aberta em junho de 2017 no Brasil, como sua parceira comercial.<br \/>\nJ\u00e1 a \u201cStaff of Security Technologies do Brasil Software ltda\u201d por sua vez se apresenta em seu site como \u201csubsidi\u00e1ria da inglesa \u201cStaff Security Services Limited\u201d.<br \/>\nO ponto comum entre a inglesa \u201cStaff of Security Services\u201d e a subsidi\u00e1ria brasileira \u201cStaff Security Technologies do Brasil Software ltda\u201d \u00e9 Humberto Candido Bambirra, como mostram os documentos obtidos pela reportagem no equivalente a Junta Comercial do Reino Unido. A reportagem tentou contato com a matriz para entender qual o papel da inglesa \u201cStaff Security Services Limited\u201d, de Humberto Bambirra, se ela \u00e9 uma intermedi\u00e1ria entre a \u201cFacewatch\u201d e a \u201cStaff of Security Technologies do Brasil Software ltda\u201d nos neg\u00f3cios. Sem resposta. (ver outro lado abaixo).<br \/>\n<strong>Dono da Staff Security Services Limited no Reino Unido:<\/strong> <\/p>\n<p><a href=\"http:\/\/agenciasportlight.com.br\/wp-content\/uploads\/2019\/06\/everaldo-bambirra-1.jpg\"><img loading=\"lazy\" decoding=\"async\" src=\"http:\/\/agenciasportlight.com.br\/wp-content\/uploads\/2019\/06\/everaldo-bambirra-1.jpg\" alt=\"\" width=\"1280\" height=\"649\" class=\"aligncenter size-full wp-image-3732\" srcset=\"https:\/\/agenciasportlight.com.br\/wp-content\/uploads\/2019\/06\/everaldo-bambirra-1.jpg 1280w, https:\/\/agenciasportlight.com.br\/wp-content\/uploads\/2019\/06\/everaldo-bambirra-1-300x152.jpg 300w, https:\/\/agenciasportlight.com.br\/wp-content\/uploads\/2019\/06\/everaldo-bambirra-1-768x389.jpg 768w, https:\/\/agenciasportlight.com.br\/wp-content\/uploads\/2019\/06\/everaldo-bambirra-1-1024x519.jpg 1024w\" sizes=\"auto, (max-width: 1280px) 100vw, 1280px\" \/><\/a><br \/>\n<a href=\"http:\/\/agenciasportlight.com.br\/wp-content\/uploads\/2019\/06\/everaldo-bambirra-2.jpg\"><img loading=\"lazy\" decoding=\"async\" src=\"http:\/\/agenciasportlight.com.br\/wp-content\/uploads\/2019\/06\/everaldo-bambirra-2.jpg\" alt=\"\" width=\"1536\" height=\"157\" class=\"aligncenter size-full wp-image-3733\" srcset=\"https:\/\/agenciasportlight.com.br\/wp-content\/uploads\/2019\/06\/everaldo-bambirra-2.jpg 1536w, https:\/\/agenciasportlight.com.br\/wp-content\/uploads\/2019\/06\/everaldo-bambirra-2-300x31.jpg 300w, https:\/\/agenciasportlight.com.br\/wp-content\/uploads\/2019\/06\/everaldo-bambirra-2-768x79.jpg 768w, https:\/\/agenciasportlight.com.br\/wp-content\/uploads\/2019\/06\/everaldo-bambirra-2-1024x105.jpg 1024w\" sizes=\"auto, (max-width: 1536px) 100vw, 1536px\" \/><\/a><br \/>\n<strong>S\u00f3cios Staff no Brasil:<\/strong> <\/p>\n<p><a href=\"http:\/\/agenciasportlight.com.br\/wp-content\/uploads\/2019\/06\/everaldo-bambirra-BR.jpg\"><img loading=\"lazy\" decoding=\"async\" src=\"http:\/\/agenciasportlight.com.br\/wp-content\/uploads\/2019\/06\/everaldo-bambirra-BR.jpg\" alt=\"\" width=\"1280\" height=\"556\" class=\"aligncenter size-full wp-image-3734\" srcset=\"https:\/\/agenciasportlight.com.br\/wp-content\/uploads\/2019\/06\/everaldo-bambirra-BR.jpg 1280w, https:\/\/agenciasportlight.com.br\/wp-content\/uploads\/2019\/06\/everaldo-bambirra-BR-300x130.jpg 300w, https:\/\/agenciasportlight.com.br\/wp-content\/uploads\/2019\/06\/everaldo-bambirra-BR-768x334.jpg 768w, https:\/\/agenciasportlight.com.br\/wp-content\/uploads\/2019\/06\/everaldo-bambirra-BR-1024x445.jpg 1024w\" sizes=\"auto, (max-width: 1280px) 100vw, 1280px\" \/><\/a><\/p>\n<p>A \u201cStaff Security Technologies do Brasil Software ltda\u201d aparece na base de dados da Receita Federal brasileira tendo como s\u00f3cios Humberto Bambirra, \u201cRetina Monitoramento e Seguran\u00e7a Digital ltda\u201d e Matheus de Paiva Torres, administrador.<\/p>\n<p>[pullquote-left]No fim da teia est\u00e1 o Pastor Everaldo, todo-poderoso emin\u00eancia parda de Witzel[\/pullquote-left]<\/p>\n<p>Matheus de Paiva Torres aparece na sociedade da \u201cStaff Security Technologies do Brasil Software ltda\u201d e da \u201cRetina Monitoramento\u201d. H\u00e1 outro ponto em comum entre as duas\u201d: o endere\u00e7o da \u201cRetina Monitoramento\u201d na Receita Federal e o da \u201cStaff Security Technologies do Brasil Software ltda\u201d no pr\u00f3prio site \u00e9 o mesmo: um escrit\u00f3rio na Barra da Tijuca, Rio de Janeiro.  <\/p>\n<p>Esse mesmo Matheus de Paiva Torres, administrador da \u201cStaff of Security Technologies do Brasil Software ltda\u201d e s\u00f3cio da \u201cRetina Monitoramento e Seguran\u00e7a Digital ltda\u201d \u00e9 filho de Edson da Silva Torres. S\u00f3cio da \u201cDin\u00e2mica Seguran\u00e7a Patrimonial\u201d e da \u201cDin\u00e2mica Consultoria em Constru\u00e7\u00e3o Civil e Incorpora\u00e7\u00f5es\u201d.<br \/>\n\u00c9 na \u201cDin\u00e2mica\u201d que o v\u00ednculo entre o Pastor Everaldo e Edson da Silva Torres, (pai de Matheus, o s\u00f3cio da empresa de reconhecimento facial), aparece diversas vezes.<br \/>\nEm um contrato de 2015, a prefeitura de S\u00e3o Jo\u00e3o do Meriti, munic\u00edpio do Rio, celebra aditivo com a Din\u00e2mica, \u201crepresentada no contrato social por Edson da Silva Torres e La\u00e9rcio de Almeida Pereira\u201d. La\u00e9rcio \u00e9 filho do pastor Everaldo.<\/p>\n<p><a href=\"http:\/\/agenciasportlight.com.br\/wp-content\/uploads\/2019\/06\/everaldo-meriti.jpg\"><img loading=\"lazy\" decoding=\"async\" src=\"http:\/\/agenciasportlight.com.br\/wp-content\/uploads\/2019\/06\/everaldo-meriti.jpg\" alt=\"\" width=\"933\" height=\"1280\" class=\"aligncenter size-full wp-image-3738\" srcset=\"https:\/\/agenciasportlight.com.br\/wp-content\/uploads\/2019\/06\/everaldo-meriti.jpg 933w, https:\/\/agenciasportlight.com.br\/wp-content\/uploads\/2019\/06\/everaldo-meriti-219x300.jpg 219w, https:\/\/agenciasportlight.com.br\/wp-content\/uploads\/2019\/06\/everaldo-meriti-768x1054.jpg 768w, https:\/\/agenciasportlight.com.br\/wp-content\/uploads\/2019\/06\/everaldo-meriti-746x1024.jpg 746w\" sizes=\"auto, (max-width: 933px) 100vw, 933px\" \/><\/a><\/p>\n<p>Na base de dados da Receita Federal, a Din\u00e2mica ainda tem como um dos s\u00f3cios Ad\u00e3o de Jesus Rabelo de Almeida, que tem entre suas participa\u00e7\u00f5es societ\u00e1rias uma \u201cAssembleia de Deus\u201d, igreja do Pastor Everaldo.<\/p>\n<p>A \u201cOpera\u00e7\u00e3o Cui Bono\u201d, uma das fases da Lava Jato, tamb\u00e9m n\u00e3o faz por menos e apresenta o Pastor Everaldo como s\u00f3cio oculto da Din\u00e2mica. Numa troca de mensagens entre o ent\u00e3o deputado federal Eduardo Cunha e o ex-ministro Geddel Vieira de Lima, os dois falam da necessidade de dar propina ao Pastor Everaldo, utilizando para isso a \u201cDin\u00e2mica\u201d, de Edson da Silva Torres. Na conversa, Cunha e Geddel mencionam o Pastor Everaldo ser o homem por tr\u00e1s da Din\u00e2mica.<\/p>\n<p><a href=\"http:\/\/agenciasportlight.com.br\/wp-content\/uploads\/2019\/06\/everaldo-dinamica.jpg\"><img loading=\"lazy\" decoding=\"async\" src=\"http:\/\/agenciasportlight.com.br\/wp-content\/uploads\/2019\/06\/everaldo-dinamica.jpg\" alt=\"\" width=\"1235\" height=\"869\" class=\"aligncenter size-full wp-image-3740\" srcset=\"https:\/\/agenciasportlight.com.br\/wp-content\/uploads\/2019\/06\/everaldo-dinamica.jpg 1235w, https:\/\/agenciasportlight.com.br\/wp-content\/uploads\/2019\/06\/everaldo-dinamica-300x211.jpg 300w, https:\/\/agenciasportlight.com.br\/wp-content\/uploads\/2019\/06\/everaldo-dinamica-768x540.jpg 768w, https:\/\/agenciasportlight.com.br\/wp-content\/uploads\/2019\/06\/everaldo-dinamica-1024x721.jpg 1024w\" sizes=\"auto, (max-width: 1235px) 100vw, 1235px\" \/><\/a><\/p>\n<p>Tamb\u00e9m na justi\u00e7a as liga\u00e7\u00f5es do Pastor Everaldo com a Din\u00e2mica sobressaem. Na 3\u00aa Vara do Trabalho de S\u00e3o Jo\u00e3o do Meriti, o processo RTOrd-0010400-37.2014.5.01.0323 tem o pedido de inclus\u00e3o de La\u00e9rcio de Almeida Pereira, o filho do pastor, no polo passivo da empresa para penhora que possa suportar a execu\u00e7\u00e3o no valor de causa que correu ali.<\/p>\n<p>J\u00e1 no processo 0000219-48.2012.5.01.0031, do TRT-1, o texto do ac\u00f3rd\u00e3o n\u00e3o faz por menos em rela\u00e7\u00e3o a quem responde no papel pela empresa do neg\u00f3cio de reconhecimento facial que virou o xod\u00f3 de Wilson Witzel. No caso, Matheus de Paiva Torres, apontado pela 10\u00aa Turma daquele tribunal como \u201claranja para oculta\u00e7\u00e3o do patrim\u00f4nio\u201d na Din\u00e2mica.<\/p>\n<p>[pullquote-left]Deputado aliado de Witzel apresentou projeto de lei indicando citando a Facewatch[\/pullquote-left]<\/p>\n<p>Se no poder executivo do estado do Rio a empresa de la\u00e7os bem pr\u00f3ximos ao Pastor Everaldo tem tido aliado incondicional em Wilson Witzel, n\u00e3o \u00e9 diferente no legislativo. No \u00faltimo dia 3 de abril, o deputado estadual Vandro Fam\u00edlia, do Solidariedade, aliado de primeira hora e bra\u00e7o do governador na c\u00e2mara, apresentou no plen\u00e1rio da Alerj o \u201cProjeto de Lei N\u00ba 342\/2019\u201d.<\/p>\n<p>E o que diz o projeto do aliado de Wilson Witzel?<\/p>\n<p>Logo em seu artigo primeiro, \u201cdetermina que as empresas concession\u00e1rias que operam o servi\u00e7o p\u00fablico de metr\u00f4, trens e barcas no \u00e2mbito do estado do Rio de Janeiro, instalem c\u00e2meras de seguran\u00e7a com monitoramento online e tecnologia de reconhecimento facial de suspeitos e procurados da Justi\u00e7a\u201d.<\/p>\n<p>E no par\u00e1grafo 1\u00ba do mesmo artigo, determina a grande quantidade de c\u00e2meras e locais a serem cobertos: \u201cos equipamentos previstos no caput dever\u00e3o ser instalados nas plataformas e esta\u00e7\u00f5es, em todas as entradas e sa\u00eddas, bem como, no embarque e desembarque\u201d.<\/p>\n<p>Para n\u00e3o deixar margem de erro (e de concorr\u00eancia), o projeto vai al\u00e9m e nomeia a empresa que tem a expertise no ramo. E descreve a experi\u00eancia dos escolhidos, citando nominalmente o \u201cFacewatch\u201d e \u201cempresa brit\u00e2nica Staff of Technology Solutions\u201d, sem no entanto citar que a tal empresa brit\u00e2ncia tem uma subsidi\u00e1ria brasileira. E muito menos quem s\u00e3o as conex\u00f5es dessa subsidi\u00e1ria: <\/p>\n<p>\u201cFrise-se que tal tecnologia j\u00e1 \u00e9 realidade em v\u00e1rios pa\u00edses, e est\u00e1, como j\u00e1 dito, em fase testes no Estado Rio de Janeiro em um conv\u00eanio firmado entre o servi\u00e7o Disque Den\u00fancia e a empresa brit\u00e2nica \u201cStaff of Technology Solutions\u201d, que permite que cerca de 1.100 dos suspeitos mais perigosos do Estado sejam automaticamente reconhecidos quando passarem por uma das c\u00e2meras que comp\u00f5em o sistema denominado Facewatch, o reconhecimento facial se destina \u00e0 seguran\u00e7a p\u00fablica e privada. O Facewatch \u00e9 utilizado h\u00e1 sete anos no Reino Unido, sendo homologado pelas principais entidades de seguran\u00e7a brit\u00e2nicas em mais de 30 mil c\u00e2meras espalhadas pelo pa\u00eds. Acrescenta-se ainda que existem c\u00e2meras de reconhecimento facial em tr\u00eas shoppings da capital do RJ, al\u00e9m de edif\u00edcios comerciais\u201d.<\/p>\n<p><a href=\"http:\/\/agenciasportlight.com.br\/wp-content\/uploads\/2019\/06\/everaldo-vandro-1.jpg\"><img loading=\"lazy\" decoding=\"async\" src=\"http:\/\/agenciasportlight.com.br\/wp-content\/uploads\/2019\/06\/everaldo-vandro-1.jpg\" alt=\"\" width=\"1280\" height=\"1134\" class=\"aligncenter size-full wp-image-3742\" srcset=\"https:\/\/agenciasportlight.com.br\/wp-content\/uploads\/2019\/06\/everaldo-vandro-1.jpg 1280w, https:\/\/agenciasportlight.com.br\/wp-content\/uploads\/2019\/06\/everaldo-vandro-1-300x266.jpg 300w, https:\/\/agenciasportlight.com.br\/wp-content\/uploads\/2019\/06\/everaldo-vandro-1-768x680.jpg 768w, https:\/\/agenciasportlight.com.br\/wp-content\/uploads\/2019\/06\/everaldo-vandro-1-1024x907.jpg 1024w\" sizes=\"auto, (max-width: 1280px) 100vw, 1280px\" \/><\/a><br \/>\n<a href=\"http:\/\/agenciasportlight.com.br\/wp-content\/uploads\/2019\/06\/everaldo-vandro-2.jpg\"><img loading=\"lazy\" decoding=\"async\" src=\"http:\/\/agenciasportlight.com.br\/wp-content\/uploads\/2019\/06\/everaldo-vandro-2.jpg\" alt=\"\" width=\"1280\" height=\"421\" class=\"aligncenter size-full wp-image-3743\" srcset=\"https:\/\/agenciasportlight.com.br\/wp-content\/uploads\/2019\/06\/everaldo-vandro-2.jpg 1280w, https:\/\/agenciasportlight.com.br\/wp-content\/uploads\/2019\/06\/everaldo-vandro-2-300x99.jpg 300w, https:\/\/agenciasportlight.com.br\/wp-content\/uploads\/2019\/06\/everaldo-vandro-2-768x253.jpg 768w, https:\/\/agenciasportlight.com.br\/wp-content\/uploads\/2019\/06\/everaldo-vandro-2-1024x337.jpg 1024w\" sizes=\"auto, (max-width: 1280px) 100vw, 1280px\" \/><\/a><\/p>\n<p>O deputado Vandro Fam\u00edlia, autor do projeto, \u00e9 um dos mais aguerridos e fieis da tropa de choque de Wilson Witzel na assembleia legislativa. O ex-prefeito de Mag\u00e9 foi preso em 2012, acusado de homic\u00eddio e de chefiar uma mil\u00edcia na Baixada Fluminense. <\/p>\n<p>No \u00faltimo m\u00eas, no dia 21 de maio, a pol\u00edcia civil realizou opera\u00e7\u00e3o para cumprir mandado de busca e apreens\u00e3o na resid\u00eancia do deputado, acusado de ser mandante de outro homic\u00eddio em Mag\u00e9, desta vez de um inimigo pol\u00edtico. <\/p>\n<p><strong>Na foto: Witzel e o deputado Vandro Fam\u00edlia:<\/strong><br \/>\n<a href=\"http:\/\/agenciasportlight.com.br\/wp-content\/uploads\/2019\/06\/everaldo-vandro-witzel.jpg\"><img loading=\"lazy\" decoding=\"async\" src=\"http:\/\/agenciasportlight.com.br\/wp-content\/uploads\/2019\/06\/everaldo-vandro-witzel.jpg\" alt=\"\" width=\"1280\" height=\"917\" class=\"aligncenter size-full wp-image-3745\" srcset=\"https:\/\/agenciasportlight.com.br\/wp-content\/uploads\/2019\/06\/everaldo-vandro-witzel.jpg 1280w, https:\/\/agenciasportlight.com.br\/wp-content\/uploads\/2019\/06\/everaldo-vandro-witzel-300x215.jpg 300w, https:\/\/agenciasportlight.com.br\/wp-content\/uploads\/2019\/06\/everaldo-vandro-witzel-768x550.jpg 768w, https:\/\/agenciasportlight.com.br\/wp-content\/uploads\/2019\/06\/everaldo-vandro-witzel-1024x734.jpg 1024w\" sizes=\"auto, (max-width: 1280px) 100vw, 1280px\" \/><\/a><\/p>\n<p>Metro, shoppings, Maracan\u00e3, pontos tur\u00edsticos. Para qualquer coisa, em qualquer lugar, Witzel tem na ponta da l\u00edngua a solu\u00e7\u00e3o: c\u00e2meras de reconhecimento facial. Foi assim em abril. Na manh\u00e3 seguinte ao vandalismo sofrido pela est\u00e1tua de Noel Rosa, em Vila Isabel, o governador n\u00e3o fez por menos: \u201cvamos  instalar c\u00e2meras de reconhecimento facial l\u00e1 e acabar com isso\u201d, afirmou.<\/p>\n<p>Ainda n\u00e3o ocorreram licita\u00e7\u00f5es nem compras para tal equipamento. At\u00e9 aqui, o fabricante ingl\u00eas ofereceu \u201cdegusta\u00e7\u00f5es\u201d do sistema para o governo do estado. Simon Gordon, dono da Facewatch, tem chamado tal per\u00edodo de \u201cmomento beta\u201d, fase conhecida no mundo dos neg\u00f3cios como aquele no qual o fabricante disponibiliza o produto ainda em testes e por fazer ajustes mas j\u00e1 com inten\u00e7\u00e3o de fazer marketing.<\/p>\n<p>No entanto, em mais uma envid\u00eancia de que o reconhecimento facial do mandato de Witzel passa pela cara do Pastor Everaldo, na \u00faltima semana de maio, o governador do Rio nomeou Andr\u00e9 Moura, ex-deputado federal do PSC-SE, n\u00e3o reeleito no \u00faltimo pleito, quando tentou o senado. O cargo presenteado por Witzel foi a cadeira da \u201cSecretaria Extraordin\u00e1ria de Representa\u00e7\u00e3o Extraordin\u00e1ria em Bras\u00edlia\u201d. O ex-parlamentar sergipano foi o mais fiel escudeiro de Eduardo Cunha na C\u00e2mara. Chegou a ser condenado por lesar os cofres p\u00fablicos durante seu mandato de prefeito em Pirambu (SE), em desvio apontado de R$ 1,4 milh\u00e3o. Outros dez processos contra aquele que foi tamb\u00e9m l\u00edder de Michel Temer no Congresso correm no Supremo Tribunal Federal, no Tribunal de Contas da Uni\u00e3o e no Tribunal de Justi\u00e7a de Sergipe. Mesmo assim, Witzel, que assumiu condenando nomea\u00e7\u00f5s pol\u00edticas e com discurso da moralidade, nomeou aquele que j\u00e1 foi protegido de Eduardo Cunha e agora tem como padrinho o Pastor Everaldo.<\/p>\n<p>Cumprida a promessa de campanha, o governador Wilson Witzel ir\u00e1 cobrir de ponta a ponta do estado do Rio com c\u00e2meras de reconhecimento facial. Sob a ben\u00e7\u00e3o do Pastor Everaldo.<\/p>\n<p><strong>Outro lado:<\/strong> <\/p>\n<p><strong>Governador Wilson Witzel:<\/strong> <\/p>\n<p><strong>A reportagem enviou quest\u00f5es para o governador Wilson Witzel sobre a empresa de reconhecimento facial, as liga\u00e7\u00f5es da teia de empresas que desembocam no Pastor Everaldo e sobre os processos envolvendo Matheus Torres, um dos s\u00f3cios da Staff Brasil. O governador enviou a resposta abaixo atrav\u00e9s da assessoria de imprensa:<\/strong> <\/p>\n<p>\u201cOs t\u00e9cnicos do Governo do Estado do Rio de Janeiro conversaram com representantes de mais de uma dezena de empresas, com o objetivo de entender o funcionamento da tecnologia de reconhecimento facial e suas possibilidades de utiliza\u00e7\u00e3o. Entre as diversas empresas que apresentaram seus produtos aos t\u00e9cnicos, est\u00e1 a empresa citada na sua demanda. Por\u00e9m, n\u00e3o houve contrata\u00e7\u00e3o da mesma, ou mesmo foi iniciado qualquer processo nesse sentido&#8221;.<\/p>\n<p><strong>\u201cStaff Security Services\u201d, na Inglaterra:<\/strong> A reportagem enviou quest\u00f5es para a empresa, sem resposta. <\/p>\n<p><strong>\u201cStaff Security Technologies do Brasil Software ltda\u201d:<\/strong>A reportagem enviou quest\u00f5es para a empresa, sem resposta. <\/p>\n<p><strong>\u201cFacewatch Internacional\u201d, Inglaterra:<\/strong> A reportagem enviou e-mails para Simon Gordon, propriet\u00e1rio da \u201cFacewatch Internacional\u201d, tanto pela empresa como pelo &#8220;Gordon Wine Bar&#8221;, tamb\u00e9m de propriedade dele, sem resposta. <\/p>\n<p><strong>Deputado Vandro Fam\u00edlia:<\/strong> A reportagem enviou quest\u00f5es para o deputado, sem resposta.<\/p>\n<p><strong>Pastor Everaldo:<\/strong>A reportagem tentou as respostas do Pastor Everaldo atrav\u00e9s de contato pessoal nas redes sociais do presidente do PSC e ainda via o pr\u00f3prio partido, sem resposta.  <\/p>\n<p><strong>Nota da Ag\u00eancia Sportlight de Jornalismo Investigativo:<br \/>\nAp\u00f3s a publica\u00e7\u00e3o da reportagem, \u00e0s 17h28 de 11\/6, o Pastor Everaldo, atrav\u00e9s de sua assessoria de imprensa, enviou a seguinte resposta:<\/strong> <\/p>\n<p>&#8220;O Pastor Everaldo refuta qualquer ila\u00e7\u00e3o a respeito de uma suposta inger\u00eancia no Governo do Estado do Rio de Janeiro. Ressalta, mais uma vez, que n\u00e3o responde a qualquer inqu\u00e9rito e n\u00e3o \u00e9 investigado em nenhuma a\u00e7\u00e3o sobre qualquer assunto&#8221;.<\/p>\n","protected":false},"excerpt":{"rendered":"<p>Wilson Witzel tem verdadeira obsess\u00e3o pelas c\u00e2meras de reconhecimento facial.<br \/>\nPromessa de campanha para o governo do estado do Rio de Janeiro, o instrumento de combate ao crime vem se multiplicando pelas ruas da capital. Por enquanto, em fase de testes, ainda sem contrata\u00e7\u00e3o ou licita\u00e7\u00e3o. Uma \u201cdegusta\u00e7\u00e3o\u201d oferecida pelos fornecedores. Mas com todos os caminhos indicando j\u00e1 existirem os escolhidos. A tecnologia utilizada, conhecida como \u201cFacewatch\u201d, s\u00f3 n\u00e3o foi suficiente para identificar os rostos que cercam o vultoso neg\u00f3cio a ser feito ao longo dos pr\u00f3ximos anos. Quando se cruzam os dados das empresas a serem beneficiadas pelos eventuais contratos, desponta a imagem de um antigo conhecido da pol\u00edtica brasileira, correligion\u00e1rio de partido e emin\u00eancia parda de Witzel: o Pastor Everaldo. L\u00edder da Assembleia de Deus e presidente do Partido Social Crist\u00e3o (PSC), o mesmo do governador.<\/p>\n<a href=\"https:\/\/agenciasportlight.com.br\/index.php\/2019\/06\/11\/o-governador-witzel-e-as-caras-ocultas-no-milionario-negocio-de-reconhecimento-facial\/\">Leia mais -><\/a>.","protected":false},"author":1,"featured_media":3731,"comment_status":"open","ping_status":"open","sticky":false,"template":"","format":"image","meta":{"footnotes":""},"categories":[3],"tags":[],"class_list":["post-3730","post","type-post","status-publish","format-image","has-post-thumbnail","hentry","category-reportagem","post_format-post-format-image"],"_links":{"self":[{"href":"https:\/\/agenciasportlight.com.br\/index.php\/wp-json\/wp\/v2\/posts\/3730","targetHints":{"allow":["GET"]}}],"collection":[{"href":"https:\/\/agenciasportlight.com.br\/index.php\/wp-json\/wp\/v2\/posts"}],"about":[{"href":"https:\/\/agenciasportlight.com.br\/index.php\/wp-json\/wp\/v2\/types\/post"}],"author":[{"embeddable":true,"href":"https:\/\/agenciasportlight.com.br\/index.php\/wp-json\/wp\/v2\/users\/1"}],"replies":[{"embeddable":true,"href":"https:\/\/agenciasportlight.com.br\/index.php\/wp-json\/wp\/v2\/comments?post=3730"}],"version-history":[{"count":3,"href":"https:\/\/agenciasportlight.com.br\/index.php\/wp-json\/wp\/v2\/posts\/3730\/revisions"}],"predecessor-version":[{"id":3768,"href":"https:\/\/agenciasportlight.com.br\/index.php\/wp-json\/wp\/v2\/posts\/3730\/revisions\/3768"}],"wp:featuredmedia":[{"embeddable":true,"href":"https:\/\/agenciasportlight.com.br\/index.php\/wp-json\/wp\/v2\/media\/3731"}],"wp:attachment":[{"href":"https:\/\/agenciasportlight.com.br\/index.php\/wp-json\/wp\/v2\/media?parent=3730"}],"wp:term":[{"taxonomy":"category","embeddable":true,"href":"https:\/\/agenciasportlight.com.br\/index.php\/wp-json\/wp\/v2\/categories?post=3730"},{"taxonomy":"post_tag","embeddable":true,"href":"https:\/\/agenciasportlight.com.br\/index.php\/wp-json\/wp\/v2\/tags?post=3730"}],"curies":[{"name":"wp","href":"https:\/\/api.w.org\/{rel}","templated":true}]}}