{"id":3777,"date":"2019-07-25T12:00:43","date_gmt":"2019-07-25T15:00:43","guid":{"rendered":"http:\/\/agenciasportlight.com.br\/?p=3777"},"modified":"2019-07-26T14:40:13","modified_gmt":"2019-07-26T17:40:13","slug":"de-deodoro-para-o-chipre-com-escala-no-planalto-empresa-do-vencedor-da-licitacao-do-autodromo-tinha-conexoes-com-socios-da-lavanderia-russa-de-dinheiro","status":"publish","type":"post","link":"https:\/\/agenciasportlight.com.br\/index.php\/2019\/07\/25\/de-deodoro-para-o-chipre-com-escala-no-planalto-empresa-do-vencedor-da-licitacao-do-autodromo-tinha-conexoes-com-socios-da-lavanderia-russa-de-dinheiro\/","title":{"rendered":"De Deodoro para o Chipre com escala no Planalto: empresa do vencedor da licita\u00e7\u00e3o do aut\u00f3dromo tinha conex\u00f5es com s\u00f3cios da lavanderia russa de dinheiro"},"content":{"rendered":"<p>[dropcap]T[\/dropcap]r\u00eas meses antes do resultado da licita\u00e7\u00e3o, JR Pereira foi recebido pelo governo de Jair Bolsonaro para discutir uma pauta que aparece na agenda como consumada: a \u201cimplanta\u00e7\u00e3o do aut\u00f3dromo em Camboat\u00e1\u201d.<\/p>\n<p>\u00c9 o que mostram os registros da Secretaria Especial de Esportes do dia 27 de fevereiro.<\/p>\n<p>O ent\u00e3o titular da pasta, agora parte do Minist\u00e9rio da Cidadania, general Marco Aur\u00e9lio Costa Vieira, foi o anfitri\u00e3o da reuni\u00e3o marcada para \u00e0s 17h30 daquela quarta-feira com o presidente da empresa que viria a ganhar a concorr\u00eancia no dia 20 de maio. <\/p>\n<p><a href=\"http:\/\/agenciasportlight.com.br\/wp-content\/uploads\/2019\/07\/agenda-deodoro.jpg\"><img loading=\"lazy\" decoding=\"async\" src=\"http:\/\/agenciasportlight.com.br\/wp-content\/uploads\/2019\/07\/agenda-deodoro.jpg\" alt=\"\" width=\"1280\" height=\"870\" class=\"aligncenter size-full wp-image-3803\" srcset=\"https:\/\/agenciasportlight.com.br\/wp-content\/uploads\/2019\/07\/agenda-deodoro.jpg 1280w, https:\/\/agenciasportlight.com.br\/wp-content\/uploads\/2019\/07\/agenda-deodoro-300x204.jpg 300w, https:\/\/agenciasportlight.com.br\/wp-content\/uploads\/2019\/07\/agenda-deodoro-768x522.jpg 768w, https:\/\/agenciasportlight.com.br\/wp-content\/uploads\/2019\/07\/agenda-deodoro-1024x696.jpg 1024w\" sizes=\"auto, (max-width: 1280px) 100vw, 1280px\" \/><\/a><\/p>\n<p>A demonstra\u00e7\u00e3o de for\u00e7a do empres\u00e1rio nos bastidores do novo poder executivo n\u00e3o ficou por a\u00ed apenas. Duas horas e meia antes, JR Pereira (foto abaixo) tinha sido recebido no Anexo II, ala B, do Pal\u00e1cio do Planalto, pelo vice-presidente da rep\u00fablica, general Hamilton Mour\u00e3o.<\/p>\n<p><a href=\"http:\/\/agenciasportlight.com.br\/wp-content\/uploads\/2019\/07\/jrpereira-foto.jpg\"><img loading=\"lazy\" decoding=\"async\" src=\"http:\/\/agenciasportlight.com.br\/wp-content\/uploads\/2019\/07\/jrpereira-foto.jpg\" alt=\"\" width=\"225\" height=\"225\" class=\"aligncenter size-full wp-image-3774\" srcset=\"https:\/\/agenciasportlight.com.br\/wp-content\/uploads\/2019\/07\/jrpereira-foto.jpg 225w, https:\/\/agenciasportlight.com.br\/wp-content\/uploads\/2019\/07\/jrpereira-foto-150x150.jpg 150w, https:\/\/agenciasportlight.com.br\/wp-content\/uploads\/2019\/07\/jrpereira-foto-160x160.jpg 160w, https:\/\/agenciasportlight.com.br\/wp-content\/uploads\/2019\/07\/jrpereira-foto-320x320.jpg 320w\" sizes=\"auto, (max-width: 225px) 100vw, 225px\" \/><\/a><\/p>\n<p>Muito pouco tempo depois, o assunto da reuni\u00e3o secretaria de esportes apareceu com for\u00e7a em um discurso de Jair Bolsonaro.<\/p>\n<p>Era 8 de maio, comemora\u00e7\u00e3o do Dia da Vit\u00f3ria na 2\u00aa Guerra Mundial, quando Jair Bolsonaro, ladeado por militares, pelo governador Wilson Witzel e prefeito Marcelo Crivella, em improviso proferido na cerim\u00f4nia realizada no Aterro do Flamengo, fez an\u00fancio inesperado: que o GP de F\u00f3rmula 1 deixaria S\u00e3o Paulo e viria para o Rio de Janeiro. E que em seis, sete meses de obras um aut\u00f3dromo estaria pronto em Deodoro, sub\u00farbio da Central.<\/p>\n<p>Dia 20 de maio, doze dias depois do tal discurso que parecia descolado da pauta presidencial e perdido numa cerim\u00f4nia de homenagem aos pracinhas, saiu o resultado do vencedor da concorr\u00eancia para a constru\u00e7\u00e3o do novo complexo.<\/p>\n<p>Para surpresa geral, uma empresa absolutamente desconhecida arrebatou a concess\u00e3o de 35 anos, no valor de R$ 697.400.000,00 (seiscentos e noventa e sete milh\u00f5es e quatrocentos mil reais), para explorar o aut\u00f3dromo a ser constru\u00eddo por ela em Deodoro. O espanto se justifica: a vencedora Rio Motorpark Holding S.A. foi constitu\u00edda pouco tempo antes, em 17 de janeiro deste ano.<\/p>\n<p>Exatos 11 dias antes da abertura da licita\u00e7\u00e3o, no dia 28 de janeiro de 2019, como mostrou reportagem do G1, de Felipe Grandin e Gabriel Barreira. E que um m\u00eas depois de constitu\u00edda, j\u00e1 estava em audi\u00eancia no Pal\u00e1cio do Planalto tratando sobre a \u201cimplanta\u00e7\u00e3o do aut\u00f3dromo\u201d. A reportagem do G1 mostrou ainda que JR Pereira \u00e9 s\u00f3cio da Crown Assessoria e Consultoria Empresarial S.A, que elaborou os estudos para o edital da disputa ganha por ele mesmo.<\/p>\n<p><strong>CRONOGRAMA:<\/strong> <\/p>\n<p><strong>11\/12\/2018 \u2013 publica\u00e7\u00e3o do aviso de licita\u00e7ao no Di\u00e1rio Oficial do Munic\u00edpio.<\/strong> <\/p>\n<p><strong>17\/1\/2019 \u2013 a Rio Motorpark holding S.A \u00e9 constitu\u00edda na Junta Comercial do Rio de Janeiro (JUCERJA).<\/strong> <\/p>\n<p><strong>28\/1\/2019 \u2013 \u00e9 aberta a licita\u00e7\u00e3o.<\/strong> <\/p>\n<p><strong>27\/2\/2019 -JR Pereira, apresentado na agenda como presidente da Bravo Industries, \u00e9 recebido em audi\u00eancia \u00e0s 15h pelo vice-presidente general Hamilton Mour\u00e3o.<\/strong><\/p>\n<p><strong>27\/2\/2019 &#8211; Em seguida, \u00e0s 17h30, \u00e9 recebido na Secretaria Especial do Esporte, cujo titular era o general Marco Aur\u00e9lio Costa Vieira. Na agenda consta a pauta \u201cImplanta\u00e7\u00e3o do Aut\u00f3dromo em Camboat\u00e1(RJ)&#8221;.<\/strong><\/p>\n<p><strong>8\/5\/2019 \u2013 Bolsonaro assina compromisso e anuncia que o GP de F1 vir\u00e1 para o Rio e aut\u00f3dromo de Deodoro ser\u00e1 constru\u00eddo.<\/strong> <\/p>\n<p><strong>20\/5\/2019 &#8211; a Rio Motorpark holding S.A \u00e9 anunciada como vencedora da licita\u00e7\u00e3o.<\/strong><\/p>\n<p>Eram as pe\u00e7as se encaixando: a agenda de JR Pereira no Pal\u00e1cio do Planalto com o general Mour\u00e3o e depois com o secret\u00e1rio de esporte, o discurso inesperado do presidente sobre a constru\u00e7\u00e3o do novo aut\u00f3dromo, o an\u00fancio do vencedor da licita\u00e7\u00e3o. Mas a montagem do quebra-cabe\u00e7as n\u00e3o diminui o mist\u00e9rio por algo t\u00e3o inusitado.<\/p>\n<p>Uma empresa rec\u00e9m-montada e j\u00e1 com tantos feitos.<\/p>\n<p> Uma licita\u00e7\u00e3o controversa. Um s\u00f3cio misterioso com hist\u00f3rico de representar empresas em neg\u00f3cios de milh\u00f5es nas For\u00e7as Armadas brasileiras.<\/p>\n<p>[pullquote-left]As conex\u00f5es com para\u00edsos fiscais e com a \u201cTroika Laundromat\u201d, a m\u00e1quina de lavagem de dinheiro dos magnatas russos:[\/pullquote-left]<\/p>\n<p>A teia montada pela Ag\u00eancia Sportlight de Jornalismo Investigativo, com aux\u00edlio da base de dados de cons\u00f3rcios estrangeiros de jornalismo investigativo, mostra conex\u00f5es ainda mais surpreendentes: no fim desse emaranhado, as pontas passam por para\u00edsos fiscais como Delaware (EUA), Chipre e chegam a conex\u00f5es com empres\u00e1rios envolvidos com a \u201cTroika Laundromat\u201d, como \u00e9 conhecida a m\u00e1quina de lavagem de dinheiro por tr\u00e1s de magnatas russos, como revela longa e detalhada apura\u00e7\u00e3o. <\/p>\n<p>\u00c9 nesse cen\u00e1rio turvo e pouco transparente que est\u00e1 sendo decidido o destino de uma floresta, onde se erguer\u00e1 o futuro Aut\u00f3dromo de Deodoro, zona oeste do Rio de Janeiro. Que virou a menina dos olhos do governo federal.<\/p>\n<p>Mais do que isso: uma causa pessoal de Jair Bolsonaro. Como o porte de arma, os cortes na educa\u00e7\u00e3o, as pautas de costume, a embaixada para o filho e a libera\u00e7\u00e3o das licen\u00e7as ambientais.<\/p>\n<p>A rec\u00e9m-criada e vencedora da licita\u00e7\u00e3o Rio Motorpark holding S.A aparece na junta comercial do Rio tendo como s\u00f3cios Jos\u00e9 Ant\u00f4nio Soares Pereira J\u00fanior, o presidente, que se apresenta como JR Pereira e Luiz Fernando Mendes de Almeida Neto, diretor.<\/p>\n<p>O que explica em muito a surpresa geral diante do an\u00fancio dos vencedores. Ilustre desconhecido para o p\u00fablico em geral e no notici\u00e1rio brasileiro at\u00e9 ent\u00e3o, o presidente da empresa constitu\u00edda \u00e0s v\u00e9speras da licita\u00e7\u00e3o tem boa parte dos neg\u00f3cios que representa com sede no exterior e rela\u00e7\u00f5es comerciais no Brasil com o meio militar. E milh\u00f5es em transa\u00e7\u00f5es com o Minist\u00e9rio da Defesa, o mesmo que responde em \u00faltima inst\u00e2ncia pela \u00e1rea de Deodoro doada para pista.<\/p>\n<p>Na rede social Linkedin, JR Pereira aparece como \u201cpresidente e CEO\u201d da Bravo Industries, que tem ainda as subsidi\u00e1rias Bravo Defesa, Bravo Cargas, and Bravo MRO, desde agosto de 2015. <\/p>\n<p>[pullquote-left]Nos registros da Junta Comercial da Virgina (EUA), JR Pereira aparece como o &#8220;gerente&#8221; da Bravo Defesa[\/pullquote-left]<\/p>\n<p>A Bravo Industries tem registro nos Estados Unidos no estado de Delaware, cuja legisla\u00e7\u00e3o protege o anonimato dos s\u00f3cios. Um para\u00edso fiscal dentro do pa\u00eds. No entanto, a reportagem obteve os dados da subsidi\u00e1ria Bravo Defesa, esta tamb\u00e9m com matriz em Delaware mas filial na Virg\u00ednia. <\/p>\n<p>Nos documentos da filial, referendados em documento pelo estado de Delaware como parte da matriz, pode-se constatar que JR Pereira aparece como gerente da empresa. Diante de tal registro, a reportagem perguntou a JR Pereira, atrav\u00e9s da assessoria de imprensa, se existe algu\u00e9m acima dele na empresa n\u00e3o apontado nos pap\u00e9is. O empres\u00e1rio negou. (ver \u201coutro lado\u201d ao fim da reportagem). <\/p>\n<p><a href=\"http:\/\/agenciasportlight.com.br\/wp-content\/uploads\/2019\/07\/virginia.jpg\"><img loading=\"lazy\" decoding=\"async\" src=\"http:\/\/agenciasportlight.com.br\/wp-content\/uploads\/2019\/07\/virginia.jpg\" alt=\"\" width=\"960\" height=\"1280\" class=\"aligncenter size-full wp-image-3787\" srcset=\"https:\/\/agenciasportlight.com.br\/wp-content\/uploads\/2019\/07\/virginia.jpg 960w, https:\/\/agenciasportlight.com.br\/wp-content\/uploads\/2019\/07\/virginia-225x300.jpg 225w, https:\/\/agenciasportlight.com.br\/wp-content\/uploads\/2019\/07\/virginia-768x1024.jpg 768w\" sizes=\"auto, (max-width: 960px) 100vw, 960px\" \/><\/a> <\/p>\n<p>A Bravo est\u00e1 inscrita na Virginia desde abril de 2016. Poucos meses depois, em outubro, a Bravo comunica oficialmente, atrav\u00e9s de JR Pereira, a compra da empresa brasileira Consub Solu\u00e7\u00f5es em Tecnologia, l\u00edder em vendas para a Am\u00e9rica do Sul em equipamentos de combate militar naval e sistemas de comando e controle.  <\/p>\n<p>No mesmo abril de 2016 em que aparece a inscri\u00e7\u00e3o no equivalente a junta comercial da Virgina da Bravo, a Consub aparece realizando transa\u00e7\u00e3o comercial com o Comando da Marinha, cujo \u00f3rg\u00e3o superior e respons\u00e1vel pela transa\u00e7\u00e3o \u00e9 o Minist\u00e9rio da Defesa. <\/p>\n<p>[pullquote-left]Empresa de JR Pereira tem neg\u00f3cios milion\u00e1rios com as For\u00e7as Armadas[\/pullquote-left]<\/p>\n<p>Entre abril de 2016 at\u00e9 aqui, de acordo com o Portal da Transpar\u00eancia, a Consub j\u00e1 vendeu R$ R$ 44.175.884,78 (quarenta e quatro milh\u00f5es, cento e setenta e cinco mil, oitocentos e oitenta e quatro reais e setenta e oito centavos) para o Minist\u00e9rio da Defesa. <\/p>\n<p><a href=\"http:\/\/agenciasportlight.com.br\/wp-content\/uploads\/2019\/07\/portal.jpg\"><img loading=\"lazy\" decoding=\"async\" src=\"http:\/\/agenciasportlight.com.br\/wp-content\/uploads\/2019\/07\/portal.jpg\" alt=\"\" width=\"865\" height=\"144\" class=\"aligncenter size-full wp-image-3789\" srcset=\"https:\/\/agenciasportlight.com.br\/wp-content\/uploads\/2019\/07\/portal.jpg 865w, https:\/\/agenciasportlight.com.br\/wp-content\/uploads\/2019\/07\/portal-300x50.jpg 300w, https:\/\/agenciasportlight.com.br\/wp-content\/uploads\/2019\/07\/portal-768x128.jpg 768w\" sizes=\"auto, (max-width: 865px) 100vw, 865px\" \/><\/a><\/p>\n<p>Entre os s\u00f3cios da Consub, aparece a ATP Participa\u00e7\u00f5es, que, atrav\u00e9s da ATP Engenharia, j\u00e1 recebeu do governo federal na \u00faltima d\u00e9cada R$ 312.232.471,16 (trezentos e doze milh\u00f5es, duzentos e trinta e dois mil, quatrocentos e setenta e um reais e dezesseis centavos). <\/p>\n<p>As conex\u00f5es de JR Pereira no exterior cruzam fronteiras muito al\u00e9m de Delaware. \u00c9 no Chipre que a reportagem encontrou outras tantas teias e vasos comunicantes nos neg\u00f3cios do vencedor da licita\u00e7\u00e3o do Aut\u00f3dromo de Deodoro.<\/p>\n<p>Esp\u00e9cie de primo esquecido da Uni\u00e3o Europeia, o Chipre passou a frequentar o notici\u00e1rio do primeiro mundo pelas portas dos fundos com mais intensidade depois que virou o endere\u00e7o preferencial e para\u00edso fiscal dos bilion\u00e1rios russos, muitos deles partes da conhecida m\u00e1fia russa, para lavar as fortunas obtidas nas famosas tenebrosas transa\u00e7\u00f5es que se formaram ali principalmente ap\u00f3s o processo de privatiza\u00e7\u00f5es depois do fim da Uni\u00e3o Sovi\u00e9tica.<\/p>\n<p>Caminho certo para capitais incertos desses bilion\u00e1rios emergentes, o Chipre transformou-se em etapa importante na rota do dinheiro de todos eles. Um caminho que geralmente tem v\u00e1rias fases, pulando de para\u00edso fiscal em para\u00edso fiscal e diluindo a rota tra\u00e7ada com objetico de dificultar o rastreamento desse dinheiro. S\u00e3o as chamadas \u201ccamadas\u201d, etapas fundamentais para o branqueamento de capitais. Assim, o \u201csiga o dinheiro\u201d dos bilion\u00e1rios russos passa na maior parte das vezes pelo Chipre como etapa dessa teia de para\u00edsos fiscais onde v\u00e3o sendo abertas empresas de papel para o dinheiro percorrer.<\/p>\n<p>O caminho de lavagem de dinheiro mais conhecido dos bilion\u00e1rios russos foi a \u201cTroika Laundromat\u201d, a \u201cLavanderia Troika\u201d. Um sistema revelado pelo cons\u00f3rcio de jornalismo investigativo da OCCRP, iniciais para \u201cOrganized Crime and Corruption Reporting Project\u201d (Projeto de Relat\u00f3rio de Crime Organizado e Corrup\u00e7\u00e3o\u201d). <\/p>\n<p>A lavanderia russa foi respons\u00e1vel pela inser\u00e7\u00e3o e por lavar capital que estava fora do mercado por terem sido obtidos ilegalmente. A principal via desse canal era o \u201cTroika Dialog\u201d, da\u00ed o nome. Um banco que enviava para fora da R\u00fassia milh\u00f5es de euros, que iam se espalhando atrav\u00e9s de empresas fict\u00edcias, as empresas de papel, por para\u00edsos fiscais. <\/p>\n<p>O esquema de lavagem foi criado em 2006, ocasi\u00e3o em que v\u00e1rias empresas para tal fim foram formadas no Chipre, e funcionou at\u00e9 2013, quando revelado.<\/p>\n<p>Nesse pa\u00eds a reportagem encontrou o registro de uma empresa de JR Pereira, criada em 2006. (O empres\u00e1rio, atrav\u00e9s de sua assessoria de imprensa, afirma que a empresa foi dissolvida em 2006. J\u00e1 os documentos obtidos pela reportagem no equivalente a Junta Comercial daquele pa\u00eds mostram a Depayens Investments e Aquisitions fundada em 22\/8\/2006 e dissolvida em 11\/1\/2016. Ver \u201coutro lado\u201d ao fim da reportagem).<\/p>\n<p> No fim da linha, cruzando v\u00e1rias empresas, endere\u00e7os repetidos e acionistas, \u00e9 poss\u00edvel identificar vasos comunicantes da Depayens com o caminho de Mark Kurtser, um dos maiores magnatas russos da atualidade, apontado por suas liga\u00e7\u00f5es na \u201cTroika Laundromat\u201d pela base de dados da OCCRP consultada pela Ag\u00eancia Sportlight de Jornalismo Investigativo. O homem \u00e0 frente do Rio Motorpark holding, vencedora da licita\u00e7\u00e3o do aut\u00f3dromo, aparece como diretor da Depayens Investments e Acquisitions LTD. E Mark Kurtser tem registrada a MD Medical Group Investments, com acionistas como a Menustrust que se conectam e outros que tamb\u00e9m aparecem em sociedades no mesmo endere\u00e7o da Depayens. <\/p>\n<p><a href=\"http:\/\/agenciasportlight.com.br\/wp-content\/uploads\/2019\/07\/chipre.jpg\"><img loading=\"lazy\" decoding=\"async\" src=\"http:\/\/agenciasportlight.com.br\/wp-content\/uploads\/2019\/07\/chipre.jpg\" alt=\"\" width=\"1280\" height=\"725\" class=\"aligncenter size-full wp-image-3791\" srcset=\"https:\/\/agenciasportlight.com.br\/wp-content\/uploads\/2019\/07\/chipre.jpg 1280w, https:\/\/agenciasportlight.com.br\/wp-content\/uploads\/2019\/07\/chipre-300x170.jpg 300w, https:\/\/agenciasportlight.com.br\/wp-content\/uploads\/2019\/07\/chipre-768x435.jpg 768w, https:\/\/agenciasportlight.com.br\/wp-content\/uploads\/2019\/07\/chipre-1024x580.jpg 1024w\" sizes=\"auto, (max-width: 1280px) 100vw, 1280px\" \/><\/a><\/p>\n<p>A teia das empresas no Chipre que ir\u00e3o se cruzar com a empresa de JR Pereira:<\/p>\n<p><strong>JR Pereria:<\/strong> <\/p>\n<p>Em 22 de agosto de 2006, JR Pereira aparece como diretor da:<\/p>\n<p><strong>Depayens Investments &#038; Acquisitions LTD<\/strong> <\/p>\n<p>Entre os s\u00f3cios da Depayens Investments est\u00e3o:<\/p>\n<p><strong>Elia Nicolaou e a empresa Briantserve Limited<\/strong> <\/p>\n<p>S\u00e3o s\u00f3cios da Briantserve Limited:\t<\/p>\n<p><strong>Elia Nicolaou e Mario Tofaros<\/strong> <\/p>\n<p>A s\u00f3cia Elia Nicolaou e Mario Tofaros aparecem tamb\u00e9m na:<\/p>\n<p><strong>Westutrecht IP Limited<\/strong> <\/p>\n<p>Que entre seus s\u00f3cios tem a:<\/p>\n<p><strong>Menustrust Limited<\/strong> <\/p>\n<p>Que \u00e9 s\u00f3cia tamb\u00e9m da:<\/p>\n<p><strong>MD Medical Group Investments<\/strong><\/p>\n<p>Que tem entre os acionistas, al\u00e9m da Menustrust: <\/p>\n<p><strong>Mark Kurtser<\/strong> <\/p>\n<p>A apura\u00e7\u00e3o da reportagem sobre a teia acima n\u00e3o indica necessariamente que JR Pereira \u00e9 s\u00f3cio de Mark Kurtser. Mas sim que em algum momento os caminhos societ\u00e1rios de JR Pereira se cruzam com Mark Kurtser, apontado pelo OCCRP por suas rela\u00e7\u00f5es com a \u201cTroika Laundromat\u201d.<\/p>\n<p><a href=\"http:\/\/agenciasportlight.com.br\/wp-content\/uploads\/2019\/07\/md-group-chipre.jpg\"><img loading=\"lazy\" decoding=\"async\" src=\"http:\/\/agenciasportlight.com.br\/wp-content\/uploads\/2019\/07\/md-group-chipre.jpg\" alt=\"\" width=\"1280\" height=\"1250\" class=\"aligncenter size-full wp-image-3794\" srcset=\"https:\/\/agenciasportlight.com.br\/wp-content\/uploads\/2019\/07\/md-group-chipre.jpg 1280w, https:\/\/agenciasportlight.com.br\/wp-content\/uploads\/2019\/07\/md-group-chipre-300x293.jpg 300w, https:\/\/agenciasportlight.com.br\/wp-content\/uploads\/2019\/07\/md-group-chipre-768x750.jpg 768w, https:\/\/agenciasportlight.com.br\/wp-content\/uploads\/2019\/07\/md-group-chipre-1024x1000.jpg 1024w\" sizes=\"auto, (max-width: 1280px) 100vw, 1280px\" \/><\/a><\/p>\n<p><strong>Outro lado:<\/strong><\/p>\n<p><strong>A reportagem formulou as quest\u00f5es abaixo para JR Pereira atrav\u00e9s da assessoria de imprensa, que enviou as respostas que seguem:<\/strong><\/p>\n<p><strong>1- JR Pereira se apresenta no Brasil como \u201cpresidente da Bravo Industries\u201d. Nos Estados Unidos aparece na empresa e suas subsidi\u00e1rias como \u201cgerente\u201d. H\u00e1 algu\u00e9m acima dele no organograma da empresa? <\/strong><\/p>\n<p>R- JR Pereira \u00e9 Presidente e CEO da Bravo Industries e tamb\u00e9m \u00e9 o manager da empresa. N\u00e3o h\u00e1 ningu\u00e9m acima dessa posi\u00e7\u00e3o no organograma. <\/p>\n<p><strong>2- Qual era o ramo de atua\u00e7\u00e3o da empresa que JR Pereira tinha participa\u00e7\u00e3o societ\u00e1ria no Chipre? <\/strong><\/p>\n<p>R- JR Pereira foi Diretor de uma empresa de investimentos e aquisi\u00e7\u00f5es no Chipre. A empresa foi dissolvida em 2006. <\/p>\n<p><strong>3- Se o Sr JR Pereira tem alguma rela\u00e7\u00e3o comercial com o russo Mark Kurtser? <\/strong>  <\/p>\n<p>R- Nenhuma.<\/p>\n<p><strong>4- No dia 27 de fevereiro, JR Pereira foi recebido no gabinete do vice-presidente, General Hamilton Mour\u00e3o. Em seguida, na secretaria de esporte. Quais eram as pautas?<\/strong><\/p>\n<p>R- A audi\u00eancia com o vice-presidente foi em nome da Bravo. Por se tratar de uma empresa da \u00e1rea de seguran\u00e7a, n\u00e3o posso tecer coment\u00e1rios sobre a pauta. Na Secretaria de Esporte o tema era o projeto do aut\u00f3dromo do Rio de Janeiro.<\/p>\n<p><strong>Nota da reda\u00e7\u00e3o:<\/strong><br \/>\n<strong>No dia seguinte a publica\u00e7\u00e3o, o senhor JR Pereira entrou em contato com a reportagem e enviou o seguinte trecho abaixo, acrescentado em 26 de julho, \u00e0s 14h40:<\/strong><\/p>\n<p>\u201cJR Pereira, durante os governos Lula e Dilma, trabalhou ou participou em todos os projetos da Estrat\u00e9gia Nacional de Defesa (END) do Brasil, compreendendo Marinha, Ex\u00e9rcito e Aeron\u00e1utica. Todos os programas de defesa e intelig\u00eancia nacionais superam em valores a casa de bilh\u00f5es de d\u00f3lares. Durante este per\u00edodo, JR Pereira participou desses projetos como representante exclusivo de empresas norte-americanas\u201d.<\/p>\n","protected":false},"excerpt":{"rendered":"<p>Tr\u00eas meses antes do resultado da licita\u00e7\u00e3o, JR Pereira foi recebido pelo governo de Jair Bolsonaro para discutir uma pauta que aparece na agenda como consumada: a \u201cimplanta\u00e7\u00e3o do aut\u00f3dromo em Camboat\u00e1\u201d.<\/p>\n<p>\u00c9 o que mostram os registros da Secretaria Especial de Esportes do dia 27 de fevereiro.<\/p>\n<p>O ent\u00e3o titular da pasta, agora parte do Minist\u00e9rio da Cidadania, general Marco Aur\u00e9lio Costa Vieira, foi o anfitri\u00e3o da reuni\u00e3o marcada para \u00e0s 17h30 daquela quarta-feira com o presidente da empresa que viria a ganhar a concorr\u00eancia no dia 20 de maio. <\/p>\n<p>A demonstra\u00e7\u00e3o de for\u00e7a do empres\u00e1rio nos bastidores do novo poder executivo n\u00e3o ficou por a\u00ed apenas. Duas horas e meia antes, JR Pereira (foto abaixo) tinha sido recebido no Anexo II, ala B, do Pal\u00e1cio do Planalto, pelo vice-presidente da rep\u00fablica, general Hamilton Mour\u00e3o.<\/p>\n<a href=\"https:\/\/agenciasportlight.com.br\/index.php\/2019\/07\/25\/de-deodoro-para-o-chipre-com-escala-no-planalto-empresa-do-vencedor-da-licitacao-do-autodromo-tinha-conexoes-com-socios-da-lavanderia-russa-de-dinheiro\/\">Leia mais -><\/a>.","protected":false},"author":1,"featured_media":3778,"comment_status":"open","ping_status":"open","sticky":false,"template":"","format":"image","meta":{"footnotes":""},"categories":[3],"tags":[],"class_list":["post-3777","post","type-post","status-publish","format-image","has-post-thumbnail","hentry","category-reportagem","post_format-post-format-image"],"_links":{"self":[{"href":"https:\/\/agenciasportlight.com.br\/index.php\/wp-json\/wp\/v2\/posts\/3777","targetHints":{"allow":["GET"]}}],"collection":[{"href":"https:\/\/agenciasportlight.com.br\/index.php\/wp-json\/wp\/v2\/posts"}],"about":[{"href":"https:\/\/agenciasportlight.com.br\/index.php\/wp-json\/wp\/v2\/types\/post"}],"author":[{"embeddable":true,"href":"https:\/\/agenciasportlight.com.br\/index.php\/wp-json\/wp\/v2\/users\/1"}],"replies":[{"embeddable":true,"href":"https:\/\/agenciasportlight.com.br\/index.php\/wp-json\/wp\/v2\/comments?post=3777"}],"version-history":[{"count":3,"href":"https:\/\/agenciasportlight.com.br\/index.php\/wp-json\/wp\/v2\/posts\/3777\/revisions"}],"predecessor-version":[{"id":3816,"href":"https:\/\/agenciasportlight.com.br\/index.php\/wp-json\/wp\/v2\/posts\/3777\/revisions\/3816"}],"wp:featuredmedia":[{"embeddable":true,"href":"https:\/\/agenciasportlight.com.br\/index.php\/wp-json\/wp\/v2\/media\/3778"}],"wp:attachment":[{"href":"https:\/\/agenciasportlight.com.br\/index.php\/wp-json\/wp\/v2\/media?parent=3777"}],"wp:term":[{"taxonomy":"category","embeddable":true,"href":"https:\/\/agenciasportlight.com.br\/index.php\/wp-json\/wp\/v2\/categories?post=3777"},{"taxonomy":"post_tag","embeddable":true,"href":"https:\/\/agenciasportlight.com.br\/index.php\/wp-json\/wp\/v2\/tags?post=3777"}],"curies":[{"name":"wp","href":"https:\/\/api.w.org\/{rel}","templated":true}]}}