{"id":3862,"date":"2019-08-15T13:15:52","date_gmt":"2019-08-15T16:15:52","guid":{"rendered":"http:\/\/agenciasportlight.com.br\/?p=3862"},"modified":"2019-08-15T13:22:17","modified_gmt":"2019-08-15T16:22:17","slug":"exclusivo-envolvido-no-itaipu-gate-abriu-offshore-no-panama-as-vesperas-da-eleicao-suplente-do-psl-retirou-participacao-em-empresa-de-energia-10-dias-depois-da-filiacao-e","status":"publish","type":"post","link":"https:\/\/agenciasportlight.com.br\/index.php\/2019\/08\/15\/exclusivo-envolvido-no-itaipu-gate-abriu-offshore-no-panama-as-vesperas-da-eleicao-suplente-do-psl-retirou-participacao-em-empresa-de-energia-10-dias-depois-da-filiacao-e\/","title":{"rendered":"EXCLUSIVO \u2013 Envolvido no \u201cItaipu Gate\u201d abriu offshore no Panam\u00e1 \u00e0s v\u00e9speras da elei\u00e7\u00e3o. Suplente do PSL retirou participa\u00e7\u00e3o em empresa de energia 10 dias depois da filia\u00e7\u00e3o e deixou filho no lugar"},"content":{"rendered":"<p>[dropcap]D[\/dropcap]uas a\u00e7\u00f5es dos protagonistas do \u201cItaipu Gate\u201d s\u00e3o decisivas para a montagem do quebra-cabe\u00e7as no esc\u00e2ndalo que envolve os governos do Brasil e Paraguai. <\/p>\n<p>Sempre juntos nas rodadas de negocia\u00e7\u00f5es com o pa\u00eds vizinho, Alexandre Giordano, (suplente do senador Major Ol\u00edmpio-PSL-SP), e os s\u00f3cios do Grupo L\u00e9ros, realizaram movimenta\u00e7\u00f5es societ\u00e1rias em \u00e9pocas pr\u00f3ximas. E sempre pr\u00f3ximas ao calend\u00e1rio das elei\u00e7\u00f5es de 2018. <\/p>\n<p>[pullquote-left]Suplente de senador envolvido no \u201cItaipu Gate\u201d tirou nome de empresa que vendia energia e botou o filho dez dias depois de se filiar ao PSL[\/pullquote-left]<\/p>\n<p>Figura central do \u201cItaipu Gate\u201d, Alexandre Giordano se desincompatibilizou da participa\u00e7\u00e3o em uma empresa que tinha entre as atividades registradas na Receita Federal o \u201ccom\u00e9rcio atacadista de energia el\u00e9trica\u201d.<\/p>\n<p><a href=\"http:\/\/agenciasportlight.com.br\/wp-content\/uploads\/2019\/08\/itaipu-giordano-objeto-social.jpg\"><img loading=\"lazy\" decoding=\"async\" src=\"http:\/\/agenciasportlight.com.br\/wp-content\/uploads\/2019\/08\/itaipu-giordano-objeto-social.jpg\" alt=\"\" width=\"1280\" height=\"1216\" class=\"aligncenter size-full wp-image-3874\" srcset=\"https:\/\/agenciasportlight.com.br\/wp-content\/uploads\/2019\/08\/itaipu-giordano-objeto-social.jpg 1280w, https:\/\/agenciasportlight.com.br\/wp-content\/uploads\/2019\/08\/itaipu-giordano-objeto-social-300x285.jpg 300w, https:\/\/agenciasportlight.com.br\/wp-content\/uploads\/2019\/08\/itaipu-giordano-objeto-social-768x730.jpg 768w, https:\/\/agenciasportlight.com.br\/wp-content\/uploads\/2019\/08\/itaipu-giordano-objeto-social-1024x973.jpg 1024w\" sizes=\"auto, (max-width: 1280px) 100vw, 1280px\" \/><\/a><\/p>\n<p> A retirada do nome na sociedade ocorre em 16 de abril de 2018, dez dias depois da filia\u00e7\u00e3o no PSL, onde viria a ocupar o lugar em que segue, suplente de senador do Major Ol\u00edmpio(PSL-SP). A filia\u00e7\u00e3o \u00e9 feita na v\u00e9spera do 7 de abril, \u00faltimo dia permitido no pleito que passou. No lugar de Alexandre Giordano na \u201cEnfermade Empresa Brasileira de Bioenergia\u201d ficou como \u00fanico s\u00f3cio o filho Lucca Giordano, ent\u00e3o com 17 anos, emancipado pelo pai em registro no cart\u00f3rio. O endere\u00e7o da empresa \u00e9 o mesmo do diret\u00f3rio do PSL na capital paulista.<\/p>\n<p><a href=\"http:\/\/agenciasportlight.com.br\/wp-content\/uploads\/2019\/08\/itaipu-giordano-dia-16.jpg\"><img loading=\"lazy\" decoding=\"async\" src=\"http:\/\/agenciasportlight.com.br\/wp-content\/uploads\/2019\/08\/itaipu-giordano-dia-16.jpg\" alt=\"\" width=\"1426\" height=\"130\" class=\"aligncenter size-full wp-image-3864\" srcset=\"https:\/\/agenciasportlight.com.br\/wp-content\/uploads\/2019\/08\/itaipu-giordano-dia-16.jpg 1426w, https:\/\/agenciasportlight.com.br\/wp-content\/uploads\/2019\/08\/itaipu-giordano-dia-16-300x27.jpg 300w, https:\/\/agenciasportlight.com.br\/wp-content\/uploads\/2019\/08\/itaipu-giordano-dia-16-768x70.jpg 768w, https:\/\/agenciasportlight.com.br\/wp-content\/uploads\/2019\/08\/itaipu-giordano-dia-16-1024x93.jpg 1024w\" sizes=\"auto, (max-width: 1426px) 100vw, 1426px\" \/><\/a><br \/>\n<a href=\"http:\/\/agenciasportlight.com.br\/wp-content\/uploads\/2019\/08\/itaipu-giordano-sai.jpg\"><img loading=\"lazy\" decoding=\"async\" src=\"http:\/\/agenciasportlight.com.br\/wp-content\/uploads\/2019\/08\/itaipu-giordano-sai.jpg\" alt=\"\" width=\"1427\" height=\"134\" class=\"aligncenter size-full wp-image-3866\" srcset=\"https:\/\/agenciasportlight.com.br\/wp-content\/uploads\/2019\/08\/itaipu-giordano-sai.jpg 1427w, https:\/\/agenciasportlight.com.br\/wp-content\/uploads\/2019\/08\/itaipu-giordano-sai-300x28.jpg 300w, https:\/\/agenciasportlight.com.br\/wp-content\/uploads\/2019\/08\/itaipu-giordano-sai-768x72.jpg 768w, https:\/\/agenciasportlight.com.br\/wp-content\/uploads\/2019\/08\/itaipu-giordano-sai-1024x96.jpg 1024w\" sizes=\"auto, (max-width: 1427px) 100vw, 1427px\" \/><\/a><br \/>\n<a href=\"http:\/\/agenciasportlight.com.br\/wp-content\/uploads\/2019\/08\/itaipu-giordano-filho-entra.jpg\"><img loading=\"lazy\" decoding=\"async\" src=\"http:\/\/agenciasportlight.com.br\/wp-content\/uploads\/2019\/08\/itaipu-giordano-filho-entra.jpg\" alt=\"\" width=\"1280\" height=\"214\" class=\"aligncenter size-full wp-image-3867\" srcset=\"https:\/\/agenciasportlight.com.br\/wp-content\/uploads\/2019\/08\/itaipu-giordano-filho-entra.jpg 1280w, https:\/\/agenciasportlight.com.br\/wp-content\/uploads\/2019\/08\/itaipu-giordano-filho-entra-300x50.jpg 300w, https:\/\/agenciasportlight.com.br\/wp-content\/uploads\/2019\/08\/itaipu-giordano-filho-entra-768x128.jpg 768w, https:\/\/agenciasportlight.com.br\/wp-content\/uploads\/2019\/08\/itaipu-giordano-filho-entra-1024x171.jpg 1024w\" sizes=\"auto, (max-width: 1280px) 100vw, 1280px\" \/><\/a><\/p>\n<p>As outras pe\u00e7as fundamentais na engrenagem do \u201cItaipu Gate\u201d s\u00e3o os empres\u00e1rios Kl\u00e9ber Ferreira da Silva e Adriano Tadeu Deguirmendjian, s\u00f3cios do Grupo L\u00e9ros, que comercializa energia. Teoricamente, seriam concorrentes do neg\u00f3cio do qual Alexandre Giordano se retirou e deixou o filho. Mas est\u00e3o inseparavelmente unidos na empreitada paraguaia.  <\/p>\n<p>[pullquote-left]S\u00f3cios da L\u00e9ros abriram offshore no Panam\u00e1 quatro dias antes do primeiro turno das elei\u00e7\u00f5es de 2018[\/pullquote-left]<\/p>\n<p>De acordo com os documentos obtidos pela Ag\u00eancia Sportlight de Jornalismo Investigativo na Junta Comercial do Panam\u00e1, os s\u00f3cios do Grupo L\u00e9ros abriram a empresa Novel Industries Inc naquele pa\u00eds em 3 de outubro de 2018. Exatos 4 dias antes do primeiro turno de 2018, quando o Major Ol\u00edmpio foi eleito senador por S\u00e3o Paulo e carregou na primeira supl\u00eancia Alexandre Giordano. Os dois tem ainda como s\u00f3cio na empreitada no conhecido para\u00edso fiscal Celso Bispo dos Reis.<\/p>\n<p>Kl\u00e9ber Ferreira e Adriano Tadeu Deguirmendjian aparecem no documento da junta panamenha com o endere\u00e7o paulistano do Grupo L\u00e9ros. J\u00e1 Celso Bispo dos Reis forneceu como endere\u00e7o um local no Butant\u00e3 (SP), onde na verdade consta o &#8220;Spa Della Rosa&#8221;, cabelereiro, manicure e pedicure, que est\u00e1 em nome de Larissa Deguirmendjian, tamb\u00e9m acionista do grupo L\u00e9ros.  <\/p>\n<p><a href=\"http:\/\/agenciasportlight.com.br\/wp-content\/uploads\/2019\/08\/itaipu-cabe\u00e7alho-1.jpg\"><img loading=\"lazy\" decoding=\"async\" src=\"http:\/\/agenciasportlight.com.br\/wp-content\/uploads\/2019\/08\/itaipu-cabe\u00e7alho-1.jpg\" alt=\"\" width=\"1280\" height=\"963\" class=\"aligncenter size-full wp-image-3879\" srcset=\"https:\/\/agenciasportlight.com.br\/wp-content\/uploads\/2019\/08\/itaipu-cabe\u00e7alho-1.jpg 1280w, https:\/\/agenciasportlight.com.br\/wp-content\/uploads\/2019\/08\/itaipu-cabe\u00e7alho-1-300x226.jpg 300w, https:\/\/agenciasportlight.com.br\/wp-content\/uploads\/2019\/08\/itaipu-cabe\u00e7alho-1-768x578.jpg 768w, https:\/\/agenciasportlight.com.br\/wp-content\/uploads\/2019\/08\/itaipu-cabe\u00e7alho-1-1024x770.jpg 1024w\" sizes=\"auto, (max-width: 1280px) 100vw, 1280px\" \/><\/a><br \/>\n<a href=\"http:\/\/agenciasportlight.com.br\/wp-content\/uploads\/2019\/08\/itaipu-s\u00f3cios.jpg\"><img loading=\"lazy\" decoding=\"async\" src=\"http:\/\/agenciasportlight.com.br\/wp-content\/uploads\/2019\/08\/itaipu-s\u00f3cios.jpg\" alt=\"\" width=\"923\" height=\"1280\" class=\"aligncenter size-full wp-image-3871\" srcset=\"https:\/\/agenciasportlight.com.br\/wp-content\/uploads\/2019\/08\/itaipu-s\u00f3cios.jpg 923w, https:\/\/agenciasportlight.com.br\/wp-content\/uploads\/2019\/08\/itaipu-s\u00f3cios-216x300.jpg 216w, https:\/\/agenciasportlight.com.br\/wp-content\/uploads\/2019\/08\/itaipu-s\u00f3cios-768x1065.jpg 768w, https:\/\/agenciasportlight.com.br\/wp-content\/uploads\/2019\/08\/itaipu-s\u00f3cios-738x1024.jpg 738w\" sizes=\"auto, (max-width: 923px) 100vw, 923px\" \/><\/a><\/p>\n<p>N\u00e3o \u00e9 crime ter empresa no exterior, desde que declarada a Receita Federal. A reportagem tentou contato com Kl\u00e9ber Ferreira para saber a situa\u00e7\u00e3o da Novel Industries mas n\u00e3o obteve resposta. (Ver \u201coutro lado\u201d ao fim da reportagem).<\/p>\n<p>Quando utilizadas para fins il\u00edcitos, empresas offshores servem para oculta\u00e7\u00e3o de patrim\u00f4nio, de s\u00f3cios eventuais, ficando em nome de parceiros ou laranjas, sonegar tributos, enviar para o exterior bens de origens il\u00edcitas, fazer com que capital ganho em transa\u00e7\u00f5es il\u00edcitas no exterior nem passe pelo Brasil. Nesses casos, s\u00e3o chamadas de \u201cempresas de prateleiras\u201d, por s\u00f3 existirem no papel e serem constitu\u00eddas anteriormente, com os novos s\u00f3cios comprando elas j\u00e1 montadas. A Novel foi aberta em 2013 e os s\u00f3cios da L\u00e9ros entraram em 2018, como est\u00e1 na reportagem.    <\/p>\n<p>Os s\u00f3cios do L\u00e9ros foram levados a tiracolo por Alexandre Giordano na mesa com os representantes paraguaios da hidrel\u00e9trica de Itaipu e indicados pelo pol\u00edtico para serem os benefici\u00e1rios de um acordo comercial na \u201cAta Bilateral\u201d entre os dois pa\u00edses, como mostra uma s\u00e9rie de reportagens publicadas no Jornal ABC, do Paraguai, feitas pela rep\u00f3rter Mabel Rehnfeldt. As mat\u00e9rias revelam conversas via Whats App de autoridades paraguaias que falam em neg\u00f3cios privilegiados para a L\u00e9ros por indica\u00e7\u00e3o de Alexandre Giordano e citam a \u201cfam\u00edlia Bolsonaro por tr\u00e1s\u201d dos atos que indicam a L\u00e9ros. <\/p>\n<p><a href=\"http:\/\/agenciasportlight.com.br\/wp-content\/uploads\/2019\/08\/itaipi-mensagens.jpg\"><img loading=\"lazy\" decoding=\"async\" src=\"http:\/\/agenciasportlight.com.br\/wp-content\/uploads\/2019\/08\/itaipi-mensagens.jpg\" alt=\"\" width=\"1053\" height=\"1280\" class=\"aligncenter size-full wp-image-3872\" srcset=\"https:\/\/agenciasportlight.com.br\/wp-content\/uploads\/2019\/08\/itaipi-mensagens.jpg 1053w, https:\/\/agenciasportlight.com.br\/wp-content\/uploads\/2019\/08\/itaipi-mensagens-247x300.jpg 247w, https:\/\/agenciasportlight.com.br\/wp-content\/uploads\/2019\/08\/itaipi-mensagens-768x934.jpg 768w, https:\/\/agenciasportlight.com.br\/wp-content\/uploads\/2019\/08\/itaipi-mensagens-842x1024.jpg 842w\" sizes=\"auto, (max-width: 1053px) 100vw, 1053px\" \/><\/a><\/p>\n<p><strong>CRONOLOGIA:<\/strong>\t<\/p>\n<p><strong>6 de abril de 2018: Alexandre Giordano se filia ao PSL<\/strong> <\/p>\n<p><strong> 7 de abril de 2018: encerra o prazo de filia\u00e7\u00f5es para a elei\u00e7\u00e3o<\/strong> <\/p>\n<p><strong>16 de abril de 2018: Os registros da Junta Comercial de SP apontam a sa\u00edda de Giordano da empresa \u201cEnfermade\u201d<\/strong> <\/p>\n<p><strong>16 de abril de 2018: No mesmo dia, o filho de Giordano, Lucca, de apenas 17 anos, aparece como \u00fanico s\u00f3cio<\/strong> <\/p>\n<p><strong>3 de outubro de 2018: os s\u00f3cios do Grupo L\u00e9ros abrem uma offshore no para\u00edso fiscal do Panam\u00e1 <\/strong> <\/p>\n<p><strong>7 de outubro de 2018: o Major Ol\u00edmpio \u00e9 eleito senador por S\u00e3o Paulo e Alexandre Giordano fica com a supl\u00eancia<\/strong> <\/p>\n<p><strong> 28 de outubro de 2018: Jair Bolsonaro (PSL) ganha a elei\u00e7\u00e3o presidencial<\/strong> <\/p>\n<p><strong>12 de mar\u00e7o de 2019: Jair Bolsonaro se encontra com o presidente paraguaio Mario Abdo Benitez para discutirem a revis\u00e3o do \u201cAcordo Bilateral\u201d entre os dois pa\u00edses. O Brasil pressiona para que cl\u00e1usula que impede a venda de energia para uma empresa privada brasileira a pre\u00e7o de custo seja retirada. Para essa empresa depois revender a pre\u00e7o de mercado no Brasil.<\/strong> <\/p>\n<p><strong> 9 de abril de 2019: em voo privado, o suplente de senador do PSL, Alexandre Luiz Giordano chega ao Paraguai acompanhado de Adriano Tadeu Deguirmendijian, s\u00f3cio da L\u00e9ros e mais dois<\/strong><\/p>\n<p><strong>10 de maio de 2019: exatas duas semanas antes da assinatura do Acordo Bilateral, Alexandre Luiz Giordano (PSL) se encontra na Tr\u00edplice Fronteira com Pedro Ferreira (ent\u00e3o presidente da ANDE, a estatal de energia paraguaia) e com Joselo Rodriguez (asessor jur\u00eddico do vice-presidente Hugo Vel\u00e1squez)<\/strong><\/p>\n<p><strong>24 de maio de 2019: O Acordo Bilateral \u00e9 assinado pelos dois presidentes<\/strong> <\/p>\n<p><strong>25 de junho de 2019: Nova viagem em voo fretado de Alexandre Giordano junto com Adriano Tadeu Deguirmendijan, da L\u00e9ros, para encontrar os representantes paraguaios<\/strong><\/p>\n<p><strong>24 de julho de 2019: Pedro Ferreira, presidente da Administra\u00e7\u00e3o Nacional de Eletricidade (Ande, a estatal paraguaia do setor), renuncia por discordar dos termos e se recusar a assinar acordo<\/strong> <\/p>\n<p><strong>27 de julho de 2019: O Grupo L\u00e9ros oficializa em documento proposta de compra de energia ao governo paraguaio:<\/strong>\t<\/p>\n<p><a href=\"http:\/\/agenciasportlight.com.br\/wp-content\/uploads\/2019\/08\/itaipu-leros.jpg\"><img loading=\"lazy\" decoding=\"async\" src=\"http:\/\/agenciasportlight.com.br\/wp-content\/uploads\/2019\/08\/itaipu-leros.jpg\" alt=\"\" width=\"916\" height=\"1280\" class=\"aligncenter size-full wp-image-3873\" srcset=\"https:\/\/agenciasportlight.com.br\/wp-content\/uploads\/2019\/08\/itaipu-leros.jpg 916w, https:\/\/agenciasportlight.com.br\/wp-content\/uploads\/2019\/08\/itaipu-leros-215x300.jpg 215w, https:\/\/agenciasportlight.com.br\/wp-content\/uploads\/2019\/08\/itaipu-leros-768x1073.jpg 768w, https:\/\/agenciasportlight.com.br\/wp-content\/uploads\/2019\/08\/itaipu-leros-733x1024.jpg 733w\" sizes=\"auto, (max-width: 916px) 100vw, 916px\" \/><\/a><\/p>\n<p><strong>29 de julho de 2019: outras autoridades paraguaias ligadas ao \u201cItaipu Gate\u201d renunciam<\/strong> <\/p>\n<p><strong>31 de julho de 2019: os partidos de oposi\u00e7\u00e3o anunciam o pedido de impeachment do presidente paraguaio.<\/strong> <\/p>\n<p><strong>1\u00ba de agosto: para escapar do impeachment, o presidente do Paraguai anula o acordo. Contrariando o que deveria se esperar do chefe de estado brasileiro diante de decis\u00e3o unilateral prejudicial ao pa\u00eds, Bolsonaro aceita a anula\u00e7\u00e3o<\/strong> \t<\/p>\n<p>Nos documentos vazados na s\u00e9rie de reportagens de Mabel Rehnfeldt, um envelope enviado pelo correio por parte de representantes da estatal paraguaia tinha o nome de Alexandre Luiz Giordano como destinat\u00e1rio. O endere\u00e7o, rua General Ataliba Leonel 1205 (bairro de Santana), al\u00e9m de constar com sala da empresa do suplente de senador, tamb\u00e9m \u00e9 do diret\u00f3rio do PSL. <\/p>\n<p><a href=\"http:\/\/agenciasportlight.com.br\/wp-content\/uploads\/2019\/08\/itaipu-endere\u00e7o.jpg\"><img loading=\"lazy\" decoding=\"async\" src=\"http:\/\/agenciasportlight.com.br\/wp-content\/uploads\/2019\/08\/itaipu-endere\u00e7o.jpg\" alt=\"\" width=\"1280\" height=\"1178\" class=\"aligncenter size-full wp-image-3876\" srcset=\"https:\/\/agenciasportlight.com.br\/wp-content\/uploads\/2019\/08\/itaipu-endere\u00e7o.jpg 1280w, https:\/\/agenciasportlight.com.br\/wp-content\/uploads\/2019\/08\/itaipu-endere\u00e7o-300x276.jpg 300w, https:\/\/agenciasportlight.com.br\/wp-content\/uploads\/2019\/08\/itaipu-endere\u00e7o-768x707.jpg 768w, https:\/\/agenciasportlight.com.br\/wp-content\/uploads\/2019\/08\/itaipu-endere\u00e7o-1024x942.jpg 1024w\" sizes=\"auto, (max-width: 1280px) 100vw, 1280px\" \/><\/a><\/p>\n<p>A Ag\u00eancia Sportlight constatou que um outro endere\u00e7o da empresa de Alexandre Giordano, na mesma rua s\u00f3 que no 1223, 6\u00ba andar, tamb\u00e9m \u00e9 usada como sede do PSL, como mostra a intima\u00e7\u00e3o da comiss\u00e3o de \u00e9tica do partido para a l\u00edder do governo Joice Hasselmann feita em junho de 2018.<\/p>\n<p><a href=\"http:\/\/agenciasportlight.com.br\/wp-content\/uploads\/2019\/08\/itaipu-joice.jpg\"><img loading=\"lazy\" decoding=\"async\" src=\"http:\/\/agenciasportlight.com.br\/wp-content\/uploads\/2019\/08\/itaipu-joice.jpg\" alt=\"\" width=\"1025\" height=\"1280\" class=\"aligncenter size-full wp-image-3877\" srcset=\"https:\/\/agenciasportlight.com.br\/wp-content\/uploads\/2019\/08\/itaipu-joice.jpg 1025w, https:\/\/agenciasportlight.com.br\/wp-content\/uploads\/2019\/08\/itaipu-joice-240x300.jpg 240w, https:\/\/agenciasportlight.com.br\/wp-content\/uploads\/2019\/08\/itaipu-joice-768x959.jpg 768w, https:\/\/agenciasportlight.com.br\/wp-content\/uploads\/2019\/08\/itaipu-joice-820x1024.jpg 820w\" sizes=\"auto, (max-width: 1025px) 100vw, 1025px\" \/><\/a><\/p>\n<p><strong>Outro lado:<\/strong> <\/p>\n<p><strong>Alexandre Giordano, suplente de senador do PSL-SP:<\/strong> A reportagem tentou contato com Alexandre Giordano, sem \u00eaxito. Caso seja feito contato, as respostas ser\u00e3o aqui publicadas.<\/p>\n<p><strong>Grupo L\u00e9ros:<\/strong> A reportagem enviou e-mail para o s\u00f3cio Kl\u00e9ber Ferreira da Silva mas n\u00e3o obteve resposta. Caso seja feito contato pela outra parte, as respostas ser\u00e3o aqui publicadas.<\/p>\n","protected":false},"excerpt":{"rendered":"<p>Duas a\u00e7\u00f5es dos protagonistas do \u201cItaipu Gate\u201d s\u00e3o decisivas para a montagem do quebra-cabe\u00e7as no esc\u00e2ndalo que envolve os governos do Brasil e Paraguai. <\/p>\n<p>Sempre juntos nas rodadas de negocia\u00e7\u00f5es com o pa\u00eds vizinho, Alexandre Giordano, suplente de senador do PSL, e os s\u00f3cios do Grupo L\u00e9ros, realizaram movimenta\u00e7\u00f5es societ\u00e1rias em \u00e9pocas pr\u00f3ximas. E sempre conectadas ao calend\u00e1rio das elei\u00e7\u00f5es de 2018. <\/p>\n<a href=\"https:\/\/agenciasportlight.com.br\/index.php\/2019\/08\/15\/exclusivo-envolvido-no-itaipu-gate-abriu-offshore-no-panama-as-vesperas-da-eleicao-suplente-do-psl-retirou-participacao-em-empresa-de-energia-10-dias-depois-da-filiacao-e\/\">Leia mais -><\/a>.","protected":false},"author":1,"featured_media":3863,"comment_status":"open","ping_status":"open","sticky":false,"template":"","format":"image","meta":{"footnotes":""},"categories":[3],"tags":[],"class_list":["post-3862","post","type-post","status-publish","format-image","has-post-thumbnail","hentry","category-reportagem","post_format-post-format-image"],"_links":{"self":[{"href":"https:\/\/agenciasportlight.com.br\/index.php\/wp-json\/wp\/v2\/posts\/3862","targetHints":{"allow":["GET"]}}],"collection":[{"href":"https:\/\/agenciasportlight.com.br\/index.php\/wp-json\/wp\/v2\/posts"}],"about":[{"href":"https:\/\/agenciasportlight.com.br\/index.php\/wp-json\/wp\/v2\/types\/post"}],"author":[{"embeddable":true,"href":"https:\/\/agenciasportlight.com.br\/index.php\/wp-json\/wp\/v2\/users\/1"}],"replies":[{"embeddable":true,"href":"https:\/\/agenciasportlight.com.br\/index.php\/wp-json\/wp\/v2\/comments?post=3862"}],"version-history":[{"count":3,"href":"https:\/\/agenciasportlight.com.br\/index.php\/wp-json\/wp\/v2\/posts\/3862\/revisions"}],"predecessor-version":[{"id":3901,"href":"https:\/\/agenciasportlight.com.br\/index.php\/wp-json\/wp\/v2\/posts\/3862\/revisions\/3901"}],"wp:featuredmedia":[{"embeddable":true,"href":"https:\/\/agenciasportlight.com.br\/index.php\/wp-json\/wp\/v2\/media\/3863"}],"wp:attachment":[{"href":"https:\/\/agenciasportlight.com.br\/index.php\/wp-json\/wp\/v2\/media?parent=3862"}],"wp:term":[{"taxonomy":"category","embeddable":true,"href":"https:\/\/agenciasportlight.com.br\/index.php\/wp-json\/wp\/v2\/categories?post=3862"},{"taxonomy":"post_tag","embeddable":true,"href":"https:\/\/agenciasportlight.com.br\/index.php\/wp-json\/wp\/v2\/tags?post=3862"}],"curies":[{"name":"wp","href":"https:\/\/api.w.org\/{rel}","templated":true}]}}