{"id":3904,"date":"2019-08-26T04:00:14","date_gmt":"2019-08-26T07:00:14","guid":{"rendered":"http:\/\/agenciasportlight.com.br\/?p=3904"},"modified":"2019-08-26T04:00:14","modified_gmt":"2019-08-26T07:00:14","slug":"bolsonaro-e-o-exito-do-projeto-de-politica-ambiental-que-defendeu-por-anos-no-congresso-separamos-6-discursos-da-ultima-decada","status":"publish","type":"post","link":"https:\/\/agenciasportlight.com.br\/index.php\/2019\/08\/26\/bolsonaro-e-o-exito-do-projeto-de-politica-ambiental-que-defendeu-por-anos-no-congresso-separamos-6-discursos-da-ultima-decada\/","title":{"rendered":"Bolsonaro e o \u00eaxito do projeto de pol\u00edtica ambiental que defendeu por anos no Congresso. Separamos 6 discursos da \u00faltima d\u00e9cada:"},"content":{"rendered":"<p>[dropcap]F[\/dropcap]oram sete mandatos e 28 anos como deputado federal com ideia fixa na Amaz\u00f4nia. E objetivos muito claros: acabar com reservas e parques ambientais, liberar a explora\u00e7\u00e3o das riquezas e botar fim na demarca\u00e7\u00e3o de terras ind\u00edgenas. E liquidar com um grande vil\u00e3o sempre citado: as licen\u00e7as ambientais.<\/p>\n<p>Acima de qualquer exerc\u00edcio de maior interpreta\u00e7\u00e3o, das \u201cfake news\u201d muitas vezes evocadas pelo atual presidente, est\u00e3o os fatos concretos: o registro hist\u00f3rico dos seus discursos em plen\u00e1rio. <\/p>\n<p>Separamos seis dessas pe\u00e7as da orat\u00f3ria de Jair Bolsonaro proferidas na \u00faltima d\u00e9cada.<\/p>\n<p>Muito mais do que qualquer outra diretriz implementada pelo governo nas demais \u00e1reas, seja educa\u00e7\u00e3o, economia ou afins, a pol\u00edtica planejada por Bolsonaro ao longo de anos para a regi\u00e3o \u00e9 um \u00eaxito absoluto de tudo o que sempre imaginou para a Amaz\u00f4nia. Exce\u00e7\u00e3o para as medidas de controle e aparelhamento dos \u00f3rg\u00e3os anticorrup\u00e7\u00e3o, essa tamb\u00e9m exitosa pr\u00e1tica governamental.  <\/p>\n<p>Como em 23 de fevereiro de 2016, \u00e0s v\u00e9speras de oficializar a candidatura presidencial, ent\u00e3o ainda pelo PSC, quando afirmou no plen\u00e1rio que \u201cum presidente com pulso resolveria a quest\u00e3o das licen\u00e7as ambientais\u201d, liberando a extra\u00e7\u00e3o de minerais. Ou em 23 de novembro de 2016, j\u00e1 candidato, quando afirmou que a criminosa quest\u00e3o das reservas ind\u00edgenas seguiam inviabilizando um parque industrial na regi\u00e3o.<\/p>\n<p>Em 5 de dezembro de 2013, afirmou que a quest\u00e3o das reservas e parques estavam sufocando o Brasil.<\/p>\n<p>Tendo encontrado no Ministro do Meio Ambiente, Ricardo Salles, estrela do Partido Novo para quest\u00e3o ambiental, que j\u00e1 estivera envolvido em esc\u00e2ndalos com secretaria de S\u00e3o Paulo, o parceiro perfeito para botar em pr\u00e1tica seus planos de 28 anos, vem tendo sucesso, diante do espanto do mundo. Seguem discursos de Jair Bolsonaro sobre meio ambiente e Amaz\u00f4nia na \u00faltima d\u00e9cada:<\/p>\n<p><strong>23\/11\/2016:<\/strong><br \/>\n<a href=\"http:\/\/agenciasportlight.com.br\/wp-content\/uploads\/2019\/08\/discurso1.jpg\"><img loading=\"lazy\" decoding=\"async\" src=\"http:\/\/agenciasportlight.com.br\/wp-content\/uploads\/2019\/08\/discurso1.jpg\" alt=\"\" width=\"1031\" height=\"1280\" class=\"aligncenter size-full wp-image-3906\" srcset=\"https:\/\/agenciasportlight.com.br\/wp-content\/uploads\/2019\/08\/discurso1.jpg 1031w, https:\/\/agenciasportlight.com.br\/wp-content\/uploads\/2019\/08\/discurso1-242x300.jpg 242w, https:\/\/agenciasportlight.com.br\/wp-content\/uploads\/2019\/08\/discurso1-768x953.jpg 768w, https:\/\/agenciasportlight.com.br\/wp-content\/uploads\/2019\/08\/discurso1-825x1024.jpg 825w\" sizes=\"auto, (max-width: 1031px) 100vw, 1031px\" \/><\/a><\/p>\n<p><strong>23\/2\/2016:<\/strong><br \/>\n<a href=\"http:\/\/agenciasportlight.com.br\/wp-content\/uploads\/2019\/08\/discurso2.jpg\"><img loading=\"lazy\" decoding=\"async\" src=\"http:\/\/agenciasportlight.com.br\/wp-content\/uploads\/2019\/08\/discurso2.jpg\" alt=\"\" width=\"1280\" height=\"1039\" class=\"aligncenter size-full wp-image-3908\" srcset=\"https:\/\/agenciasportlight.com.br\/wp-content\/uploads\/2019\/08\/discurso2.jpg 1280w, https:\/\/agenciasportlight.com.br\/wp-content\/uploads\/2019\/08\/discurso2-300x244.jpg 300w, https:\/\/agenciasportlight.com.br\/wp-content\/uploads\/2019\/08\/discurso2-768x623.jpg 768w, https:\/\/agenciasportlight.com.br\/wp-content\/uploads\/2019\/08\/discurso2-1024x831.jpg 1024w\" sizes=\"auto, (max-width: 1280px) 100vw, 1280px\" \/><\/a><\/p>\n<p><strong>9\/12\/2015:<\/strong><br \/>\n<a href=\"http:\/\/agenciasportlight.com.br\/wp-content\/uploads\/2019\/08\/discurso3.jpg\"><img loading=\"lazy\" decoding=\"async\" src=\"http:\/\/agenciasportlight.com.br\/wp-content\/uploads\/2019\/08\/discurso3.jpg\" alt=\"\" width=\"1280\" height=\"970\" class=\"aligncenter size-full wp-image-3909\" srcset=\"https:\/\/agenciasportlight.com.br\/wp-content\/uploads\/2019\/08\/discurso3.jpg 1280w, https:\/\/agenciasportlight.com.br\/wp-content\/uploads\/2019\/08\/discurso3-300x227.jpg 300w, https:\/\/agenciasportlight.com.br\/wp-content\/uploads\/2019\/08\/discurso3-768x582.jpg 768w, https:\/\/agenciasportlight.com.br\/wp-content\/uploads\/2019\/08\/discurso3-1024x776.jpg 1024w\" sizes=\"auto, (max-width: 1280px) 100vw, 1280px\" \/><\/a><\/p>\n<p><strong>29\/5\/2014:<\/strong><br \/>\n<a href=\"http:\/\/agenciasportlight.com.br\/wp-content\/uploads\/2019\/08\/discurso4.jpg\"><img loading=\"lazy\" decoding=\"async\" src=\"http:\/\/agenciasportlight.com.br\/wp-content\/uploads\/2019\/08\/discurso4.jpg\" alt=\"\" width=\"1280\" height=\"1173\" class=\"aligncenter size-full wp-image-3910\" srcset=\"https:\/\/agenciasportlight.com.br\/wp-content\/uploads\/2019\/08\/discurso4.jpg 1280w, https:\/\/agenciasportlight.com.br\/wp-content\/uploads\/2019\/08\/discurso4-300x275.jpg 300w, https:\/\/agenciasportlight.com.br\/wp-content\/uploads\/2019\/08\/discurso4-768x704.jpg 768w, https:\/\/agenciasportlight.com.br\/wp-content\/uploads\/2019\/08\/discurso4-1024x938.jpg 1024w\" sizes=\"auto, (max-width: 1280px) 100vw, 1280px\" \/><\/a><\/p>\n<p><strong>5\/12\/2013:<\/strong><br \/>\n<a href=\"http:\/\/agenciasportlight.com.br\/wp-content\/uploads\/2019\/08\/discurso5.jpg\"><img loading=\"lazy\" decoding=\"async\" src=\"http:\/\/agenciasportlight.com.br\/wp-content\/uploads\/2019\/08\/discurso5.jpg\" alt=\"\" width=\"1032\" height=\"1280\" class=\"aligncenter size-full wp-image-3911\" srcset=\"https:\/\/agenciasportlight.com.br\/wp-content\/uploads\/2019\/08\/discurso5.jpg 1032w, https:\/\/agenciasportlight.com.br\/wp-content\/uploads\/2019\/08\/discurso5-242x300.jpg 242w, https:\/\/agenciasportlight.com.br\/wp-content\/uploads\/2019\/08\/discurso5-768x953.jpg 768w, https:\/\/agenciasportlight.com.br\/wp-content\/uploads\/2019\/08\/discurso5-826x1024.jpg 826w\" sizes=\"auto, (max-width: 1032px) 100vw, 1032px\" \/><\/a><\/p>\n<p><strong>8\/10\/2013:<\/strong><br \/>\n<a href=\"http:\/\/agenciasportlight.com.br\/wp-content\/uploads\/2019\/08\/discurso6.jpg\"><img loading=\"lazy\" decoding=\"async\" src=\"http:\/\/agenciasportlight.com.br\/wp-content\/uploads\/2019\/08\/discurso6.jpg\" alt=\"\" width=\"1280\" height=\"1270\" class=\"aligncenter size-full wp-image-3912\" srcset=\"https:\/\/agenciasportlight.com.br\/wp-content\/uploads\/2019\/08\/discurso6.jpg 1280w, https:\/\/agenciasportlight.com.br\/wp-content\/uploads\/2019\/08\/discurso6-150x150.jpg 150w, https:\/\/agenciasportlight.com.br\/wp-content\/uploads\/2019\/08\/discurso6-300x298.jpg 300w, https:\/\/agenciasportlight.com.br\/wp-content\/uploads\/2019\/08\/discurso6-768x762.jpg 768w, https:\/\/agenciasportlight.com.br\/wp-content\/uploads\/2019\/08\/discurso6-1024x1016.jpg 1024w, https:\/\/agenciasportlight.com.br\/wp-content\/uploads\/2019\/08\/discurso6-160x160.jpg 160w\" sizes=\"auto, (max-width: 1280px) 100vw, 1280px\" \/><\/a><\/p>\n","protected":false},"excerpt":{"rendered":"<p>Foram sete mandatos e 28 anos como deputado federal com ideia fixa na Amaz\u00f4nia. E objetivos muito claros: acabar com reservas e parques ambientais, liberar a explora\u00e7\u00e3o das riquezas e botar fim na demarca\u00e7\u00e3o de terras ind\u00edgenas. E liquidar com um grande vil\u00e3o sempre citado: as licen\u00e7as ambientais.<\/p>\n<a href=\"https:\/\/agenciasportlight.com.br\/index.php\/2019\/08\/26\/bolsonaro-e-o-exito-do-projeto-de-politica-ambiental-que-defendeu-por-anos-no-congresso-separamos-6-discursos-da-ultima-decada\/\">Leia mais -><\/a>.","protected":false},"author":1,"featured_media":3915,"comment_status":"open","ping_status":"open","sticky":false,"template":"","format":"image","meta":{"footnotes":""},"categories":[3],"tags":[],"class_list":["post-3904","post","type-post","status-publish","format-image","has-post-thumbnail","hentry","category-reportagem","post_format-post-format-image"],"_links":{"self":[{"href":"https:\/\/agenciasportlight.com.br\/index.php\/wp-json\/wp\/v2\/posts\/3904","targetHints":{"allow":["GET"]}}],"collection":[{"href":"https:\/\/agenciasportlight.com.br\/index.php\/wp-json\/wp\/v2\/posts"}],"about":[{"href":"https:\/\/agenciasportlight.com.br\/index.php\/wp-json\/wp\/v2\/types\/post"}],"author":[{"embeddable":true,"href":"https:\/\/agenciasportlight.com.br\/index.php\/wp-json\/wp\/v2\/users\/1"}],"replies":[{"embeddable":true,"href":"https:\/\/agenciasportlight.com.br\/index.php\/wp-json\/wp\/v2\/comments?post=3904"}],"version-history":[{"count":3,"href":"https:\/\/agenciasportlight.com.br\/index.php\/wp-json\/wp\/v2\/posts\/3904\/revisions"}],"predecessor-version":[{"id":3929,"href":"https:\/\/agenciasportlight.com.br\/index.php\/wp-json\/wp\/v2\/posts\/3904\/revisions\/3929"}],"wp:featuredmedia":[{"embeddable":true,"href":"https:\/\/agenciasportlight.com.br\/index.php\/wp-json\/wp\/v2\/media\/3915"}],"wp:attachment":[{"href":"https:\/\/agenciasportlight.com.br\/index.php\/wp-json\/wp\/v2\/media?parent=3904"}],"wp:term":[{"taxonomy":"category","embeddable":true,"href":"https:\/\/agenciasportlight.com.br\/index.php\/wp-json\/wp\/v2\/categories?post=3904"},{"taxonomy":"post_tag","embeddable":true,"href":"https:\/\/agenciasportlight.com.br\/index.php\/wp-json\/wp\/v2\/tags?post=3904"}],"curies":[{"name":"wp","href":"https:\/\/api.w.org\/{rel}","templated":true}]}}