{"id":3989,"date":"2019-11-13T13:30:28","date_gmt":"2019-11-13T16:30:28","guid":{"rendered":"http:\/\/agenciasportlight.com.br\/?p=3989"},"modified":"2019-11-13T13:39:45","modified_gmt":"2019-11-13T16:39:45","slug":"reverenciado-em-evento-de-eduardo-bolsonaro-como-o-maior-inimigo-de-evo-morales-boliviano-croata-ganhou-status-de-refugiado-pos-temer-e-aparece-67-vezes-no-panama-papers","status":"publish","type":"post","link":"https:\/\/agenciasportlight.com.br\/index.php\/2019\/11\/13\/reverenciado-em-evento-de-eduardo-bolsonaro-como-o-maior-inimigo-de-evo-morales-boliviano-croata-ganhou-status-de-refugiado-pos-temer-e-aparece-67-vezes-no-panama-papers\/","title":{"rendered":"Reverenciado em evento de Eduardo Bolsonaro como &#8220;o maior inimigo de Evo Morales&#8221;, boliviano-croata ganhou status de refugiado p\u00f3s-Temer e aparece 67 vezes no Panam\u00e1 Papers"},"content":{"rendered":"<p>[dropcap]O[\/dropcap]dia 19 de dezembro de 2016 foi totalmente fora do padr\u00e3o das reuni\u00f5es do Comit\u00ea Nacional para os Refugiados (CONARE). <\/p>\n<p>Juntos desde \u00e0s 10h na sala 304 do pr\u00e9dio do Minist\u00e9rio da Justi\u00e7a, em Bras\u00edlia, para deliberar sobre a concess\u00e3o da condi\u00e7\u00e3o de refugiados para estrangeiros, o concorrido plen\u00e1rio viu o presidente da comiss\u00e3o, Gustavo Jos\u00e9 Marrone de Castro Sampaio, solicitar a retirada de todos os demais presentes para que apenas os sete membros votantes avaliassem um caso espec\u00edfico, como est\u00e1 na ata abaixo reproduzida.<br \/>\nGustavo Marrone tinha sido nomeado seis meses antes para a Secretaria Nacional de Justi\u00e7a e para a presid\u00eancia do CONARE pelo ent\u00e3o ministro do governo Michel Temer, Alexandre de Moraes. O atual integrante do STF foi s\u00f3cio do pai de Gustavo Marrone durante 14 anos em um escrit\u00f3rio de advocacia. <\/p>\n<p>Um longo e caloroso debate, de \u201ccar\u00e1ter sigiloso\u201d, fechado entre as quatro paredes, sucedeu a sustenta\u00e7\u00e3o oral da defesa do interessado, como est\u00e1 descrito na Ata da 118\u00ba Reuni\u00e3o Plen\u00e1ria do Conare, obtida pela reportagem. <\/p>\n<p>Por fim, depois de horas, o CONARE deferiu a solicita\u00e7\u00e3o e \u201creconheceu a condi\u00e7\u00e3o de refugiado para o solicitante\u201d. <\/p>\n<p>Nos \u201cextensos debates\u201d, de acordo com as informa\u00e7\u00f5es apuradas pela reportagem com presentes que pediram para n\u00e3o se identificar, as raz\u00f5es que se opunham a concess\u00e3o no caso em quest\u00e3o foram variadas.<\/p>\n<p>Evas\u00e3o de divisas, sonega\u00e7\u00e3o de impostos, acusa\u00e7\u00f5es de financiamento de atentados terroristas. Votos vencidos. <\/p>\n<p>O nome do personagem alvo de tanta controv\u00e9rsia e inusitada reuni\u00e3o de portas fechadas do CONARE:Branko Goran Marinkovic Jovicevic.<\/p>\n<p><a href=\"http:\/\/agenciasportlight.com.br\/wp-content\/uploads\/2019\/11\/branko-2.jpg\"><img loading=\"lazy\" decoding=\"async\" src=\"http:\/\/agenciasportlight.com.br\/wp-content\/uploads\/2019\/11\/branko-2.jpg\" alt=\"\" width=\"1446\" height=\"751\" class=\"aligncenter size-full wp-image-3992\" srcset=\"https:\/\/agenciasportlight.com.br\/wp-content\/uploads\/2019\/11\/branko-2.jpg 1446w, https:\/\/agenciasportlight.com.br\/wp-content\/uploads\/2019\/11\/branko-2-300x156.jpg 300w, https:\/\/agenciasportlight.com.br\/wp-content\/uploads\/2019\/11\/branko-2-768x399.jpg 768w, https:\/\/agenciasportlight.com.br\/wp-content\/uploads\/2019\/11\/branko-2-1024x532.jpg 1024w\" sizes=\"auto, (max-width: 1446px) 100vw, 1446px\" \/><\/a><\/p>\n<p><a href=\"http:\/\/agenciasportlight.com.br\/wp-content\/uploads\/2019\/11\/branko-1.jpg\"><img loading=\"lazy\" decoding=\"async\" src=\"http:\/\/agenciasportlight.com.br\/wp-content\/uploads\/2019\/11\/branko-1.jpg\" alt=\"\" width=\"1536\" height=\"202\" class=\"aligncenter size-full wp-image-3991\" srcset=\"https:\/\/agenciasportlight.com.br\/wp-content\/uploads\/2019\/11\/branko-1.jpg 1536w, https:\/\/agenciasportlight.com.br\/wp-content\/uploads\/2019\/11\/branko-1-300x39.jpg 300w, https:\/\/agenciasportlight.com.br\/wp-content\/uploads\/2019\/11\/branko-1-768x101.jpg 768w, https:\/\/agenciasportlight.com.br\/wp-content\/uploads\/2019\/11\/branko-1-1024x135.jpg 1024w\" sizes=\"auto, (max-width: 1536px) 100vw, 1536px\" \/><\/a><\/p>\n<p>Seis anos depois da chegada no Brasil e poucos meses depois do impeachment de Dilma Roussef e in\u00edcio do governo Temer, o personagem em quest\u00e3o passava ao status de refugiado. A condi\u00e7\u00e3o permite passar a ter toda a documenta\u00e7\u00e3o para residir legalmente no pa\u00eds, trabalhar e a ter acesso aos servi\u00e7os p\u00fablicos como a sa\u00fade e educa\u00e7\u00e3o.<\/p>\n<p>  Com dupla cidadania, boliviano e croata, Branko Marinkovic \u00e9 dono de umas maiores fortunas da Bol\u00edvia. Em registros na justi\u00e7a, existem acusa\u00e7\u00f5es de que tal fortuna foi constru\u00edda em cima de roubo de terras dos \u00edndios Guarayno, fato contestado pelo acusado.<\/p>\n<p>\u00c9 o maior defensor da separa\u00e7\u00e3o de Santa Cruz, a regi\u00e3o branca daquele pa\u00eds, em hist\u00f3rica oposi\u00e7\u00e3o as localidades como de La Paz e El Alto, de popula\u00e7\u00e3o ind\u00edgena. Fundou e presidiu o Comit\u00ea C\u00edvico Pro-Santa Cruz, que financia organiza\u00e7\u00f5es como a Uni\u00e3o da Juventude Crucenista, organiza\u00e7\u00e3o paramilitar e fonte de oposi\u00e7\u00e3o a Evo Morales desde da chegada ao poder em 2006.  <\/p>\n<p>O pai de Branko Marincovik chegou a Bol\u00edvia em 1945, fugindo da segunda guerra mundial. Diversas reportagens e document\u00e1rios sobre Branko Marincovic apontam o pai como membro da Ustasa, o \u201cMovimento Revolucion\u00e1rio Croata\u201d, organiza\u00e7\u00e3o paramilitar fascista e nacionalista dos Balc\u00e3s. Fato tamb\u00e9m negado pelo filho com veem\u00eancia em diversas entrevistas.<\/p>\n<p>[pullquote-left]Embaixador dos EUA foi expulso da Bol\u00edvia apontado como fomentador da comunidade croata contra Evo[\/pullquote-left]<\/p>\n<p>A Bol\u00edvia tem representativa col\u00f4nia croata e esteve na rota de ponto de encontro e conspira\u00e7\u00f5es de membros de organiza\u00e7\u00f5es fascistas da Cro\u00e1cia e It\u00e1lia. Na Uni\u00e3o da Juventude Crucenista, Branko Marincovic teve como aliado o refor\u00e7o do membro honor\u00e1rio Marco Marino Diodato, italiano tamb\u00e9m morador da Bol\u00edvia e que, de acordo com den\u00fancias do Minist\u00e9rio P\u00fablico, organizou uma s\u00e9rie de atentados e assassinatos para derrubar Evo Morales. Den\u00fancias do MP local d\u00e3o conta de que Diodato teria recrutado para os servi\u00e7os mercen\u00e1rios assassinos profissionais no Brasil. <\/p>\n<p>Muito antes da chegada de Evo Morales ao poder, em 2006, Marco Diodato j\u00e1 havia sido condenado e preso por tr\u00e1fico de coca\u00edna, como no processo 200107-1-340 da justi\u00e7a boliviana.<br \/>\nBranko Marincovic \u00e9 acusado tamb\u00e9m de ser o homem por tr\u00e1s do planejamento de um atentado no Hotel Las Am\u00e9ricas, em Santa Cruz. Ap\u00f3s o epis\u00f3dio, Evo Morales editou decreto permitindo expropriar propriedades de acusados de participa\u00e7\u00e3o em tais atos. Em seguida o boliviano-croata deixou o pa\u00eds.<\/p>\n<p>Os Estados Unidos n\u00e3o ficam de fora das acusa\u00e7\u00f5es de articula\u00e7\u00e3o de organiza\u00e7\u00f5es de ultra-direita em oposi\u00e7\u00e3o a Evo Morales, as mesmas que lideraram o processo de derrubada do ex-presidente. Em 2006, logo ap\u00f3s a elei\u00e7\u00e3o de Evo Morales, os EUA designaram como embaixador na Bolivia Philip Goldberg, vindo de posto no Kosovo e estimado pelos croatas por sua participa\u00e7\u00e3o nas quest\u00f5es dos Balc\u00e3s e apontado como fundamental para o movimento independentista do Kosovo. Acusado por Evo Morales de fomentar a comunidade croata e os separatistas, foi expulso da Bol\u00edvia em 2008.<\/p>\n<p>[pullquote-left]Branko foi apresentado em evento de Eduardo Bolsonaro como \u201cO maior inimigo de Evo Morales\u201d[\/pullquote-left]<\/p>\n<p>\u00c9 um cen\u00e1rio com oposi\u00e7\u00e3o formada por movimentos internacionais de ultradireita e cujo l\u00edder maior \u00e9 Branko Marincovic.<\/p>\n<p>Em dezembro do ano passado, depois da elei\u00e7\u00e3o de Bolsonaro, lideran\u00e7as de extrema direita do continente se reuniram em Foz do Igua\u00e7u para a C\u00fapula Conservadora das Am\u00e9ricas. Branko Marincovic foi uma das estrelas, recebido com tapete vermelho pelo organizador e anfitri\u00e3o, Eduardo Bolsonaro. A apresenta\u00e7\u00e3o n\u00e3o fez por menos: \u201cO maior inimigo de Evo Morales\u201d. <\/p>\n<p><a href=\"http:\/\/agenciasportlight.com.br\/wp-content\/uploads\/2019\/11\/branko-foto-abre-1.jpg\"><img loading=\"lazy\" decoding=\"async\" src=\"http:\/\/agenciasportlight.com.br\/wp-content\/uploads\/2019\/11\/branko-foto-abre-1.jpg\" alt=\"\" width=\"1280\" height=\"928\" class=\"aligncenter size-full wp-image-3999\" srcset=\"https:\/\/agenciasportlight.com.br\/wp-content\/uploads\/2019\/11\/branko-foto-abre-1.jpg 1280w, https:\/\/agenciasportlight.com.br\/wp-content\/uploads\/2019\/11\/branko-foto-abre-1-300x218.jpg 300w, https:\/\/agenciasportlight.com.br\/wp-content\/uploads\/2019\/11\/branko-foto-abre-1-768x557.jpg 768w, https:\/\/agenciasportlight.com.br\/wp-content\/uploads\/2019\/11\/branko-foto-abre-1-1024x742.jpg 1024w\" sizes=\"auto, (max-width: 1280px) 100vw, 1280px\" \/><\/a><\/p>\n<p>Na ocasi\u00e3o, reiterou a necessidade de uni\u00e3o dos aliados pelo continente para combater, de acordo com ele, governos integrantes do Foro de S\u00e3o Paulo. <\/p>\n<p>Diante de tal cen\u00e1rio, a oposi\u00e7\u00e3o no Brasil quer saber se existiu participa\u00e7\u00e3o do governo Bolsonaro no processo de derrubada de Evo Morales. Sob a lideran\u00e7a do deputado federal Marcelo Freixo (PSOL-RJ), parlamentares apresentaram requerimento para que o chanceler Ernesto Ara\u00fajo esclare\u00e7a se manteve algum tipo de contato com a oposi\u00e7\u00e3o boliviana. <\/p>\n<p>[pullquote-left]Panama Papers encontrou 67 registros de participa\u00e7\u00e3o de familiares do opositor de Evo Morales distribu\u00eddos em 13 empresas[\/pullquote-left]<\/p>\n<p>Branko Marincovic sempre negou tamb\u00e9m as acusa\u00e7\u00f5es de evas\u00e3o e lavagem de dinheiro. Por ocasi\u00e3o dos Panama Papers, o Consorcio Internacional de Periodistas de Investigaci\u00f3n (ICIJ) encontrou 67 registros de participa\u00e7\u00e3o de familiares do opositor de Evo Morales, distribu\u00eddos em 13 empresas. <\/p>\n<p>Enquanto isso, nomes dos parentes como Tatiana Marincovic de Pedrotti, Vesna Marincovic de Hockman, Milan Marincovic Dauelsberg, Radmila de Marinkovic, Yasminka Catarina Marincovic de Jakubek, Sergio Pedrotti, Aleksandra Jakubek Marincovic, Mariana Jakubek Marincovic, Robert Jakubek Marincovic e Natasha Pedrotti chegam a aparecer at\u00e9 sete vezes no esc\u00e2ndalo e o do pr\u00f3prio Branko Marincovic aparece apenas em uma empresa.<\/p>\n<p>A Ag\u00eancia Sportlight de Jornalismo Investigativo encontrou os documentos relativos a empresa panamenha em que consta o nome de Branko Marincovic na Junta Comercial do Panam\u00e1. \u00c9 a Granol S.A, com registro em 1\u00ba de novembro de 2001. Ter uma empresa em um Para\u00edso Fiscal n\u00e3o \u00e9 um crime por si s\u00f3, a quest\u00e3o \u00e9 que muitas vezes ela mascara opera\u00e7\u00f5es e crimes como lavagem de dinheiro, evas\u00e3o fiscal e fraude. Em seu discurso contra Evo Morales, Branko Marincovic faz severo discurso anticorrup\u00e7\u00e3o.<\/p>\n<p><a href=\"http:\/\/agenciasportlight.com.br\/wp-content\/uploads\/2019\/11\/branko-panama.jpg\"><img loading=\"lazy\" decoding=\"async\" src=\"http:\/\/agenciasportlight.com.br\/wp-content\/uploads\/2019\/11\/branko-panama.jpg\" alt=\"\" width=\"443\" height=\"640\" class=\"aligncenter size-full wp-image-3993\" srcset=\"https:\/\/agenciasportlight.com.br\/wp-content\/uploads\/2019\/11\/branko-panama.jpg 443w, https:\/\/agenciasportlight.com.br\/wp-content\/uploads\/2019\/11\/branko-panama-208x300.jpg 208w\" sizes=\"auto, (max-width: 443px) 100vw, 443px\" \/><\/a><\/p>\n<p>No Brasil, Branko Marin tem duas empresas, ambas abertas em 2011, ligadas ao agroneg\u00f3cio e com sede em Mato Grosso do Sul: a Agropecu\u00e1ria Dalmacia e a Dalmacia Alimentos. O s\u00f3cio de Branko Marincovic por aqui tamb\u00e9m \u00e9 ligado a pol\u00edtica boliviana. Paulo Jorge Bravo Alencar foi deputado e senador pelo \u201cMovimiento Nacionalista Revolucionario\u201d.<\/p>\n<p><a href=\"http:\/\/agenciasportlight.com.br\/wp-content\/uploads\/2019\/11\/branko-cnpj-1.jpg\"><img loading=\"lazy\" decoding=\"async\" src=\"http:\/\/agenciasportlight.com.br\/wp-content\/uploads\/2019\/11\/branko-cnpj-1.jpg\" alt=\"\" width=\"1280\" height=\"659\" class=\"aligncenter size-full wp-image-3994\" srcset=\"https:\/\/agenciasportlight.com.br\/wp-content\/uploads\/2019\/11\/branko-cnpj-1.jpg 1280w, https:\/\/agenciasportlight.com.br\/wp-content\/uploads\/2019\/11\/branko-cnpj-1-300x154.jpg 300w, https:\/\/agenciasportlight.com.br\/wp-content\/uploads\/2019\/11\/branko-cnpj-1-768x395.jpg 768w, https:\/\/agenciasportlight.com.br\/wp-content\/uploads\/2019\/11\/branko-cnpj-1-1024x527.jpg 1024w\" sizes=\"auto, (max-width: 1280px) 100vw, 1280px\" \/><\/a><\/p>\n<p><a href=\"http:\/\/agenciasportlight.com.br\/wp-content\/uploads\/2019\/11\/branko-cnpj-2.jpg\"><img loading=\"lazy\" decoding=\"async\" src=\"http:\/\/agenciasportlight.com.br\/wp-content\/uploads\/2019\/11\/branko-cnpj-2.jpg\" alt=\"\" width=\"1280\" height=\"641\" class=\"aligncenter size-full wp-image-3995\" srcset=\"https:\/\/agenciasportlight.com.br\/wp-content\/uploads\/2019\/11\/branko-cnpj-2.jpg 1280w, https:\/\/agenciasportlight.com.br\/wp-content\/uploads\/2019\/11\/branko-cnpj-2-300x150.jpg 300w, https:\/\/agenciasportlight.com.br\/wp-content\/uploads\/2019\/11\/branko-cnpj-2-768x385.jpg 768w, https:\/\/agenciasportlight.com.br\/wp-content\/uploads\/2019\/11\/branko-cnpj-2-1024x513.jpg 1024w\" sizes=\"auto, (max-width: 1280px) 100vw, 1280px\" \/><\/a><\/p>\n<p>H\u00e1 um outro registro do boliviano-croata na justi\u00e7a brasileira ligado as quest\u00f5es no pa\u00eds de origem. <\/p>\n<p>O maior opositor de Evo Morales entrou com o processo 0802370-55.2018.8.12.0008 em Mato Grosso do Sul contra a empresa Google para que o curta \u201cRacismo Croata: La vida de Branko Marinkovic\u201dfosse removido da internet alegando \u201cdireitos de personalidade\u201d.<\/p>\n<p><strong>Outro lado:<\/strong><\/p>\n<p>A reportagem tentou contato com a defesa de Branko Marincovic, sem resposta. Caso qualquer coment\u00e1rio ou resposta sejam enviados, ser\u00e3o aqui publicados.<\/p>\n","protected":false},"excerpt":{"rendered":"<p>O dia 19 de dezembro de 2016 foi totalmente fora do padr\u00e3o das reuni\u00f5es do Comit\u00ea Nacional para os Refugiados (CONARE). <\/p>\n<p>Juntos desde \u00e0s 10h na sala 304 do pr\u00e9dio do Minist\u00e9rio da Justi\u00e7a, em Bras\u00edlia, para deliberar sobre a concess\u00e3o da condi\u00e7\u00e3o de refugiados para estrangeiros, o concorrido plen\u00e1rio viu o presidente da comiss\u00e3o, Gustavo Jos\u00e9 Marrone de Castro Sampaio, solicitar a retirada de todos os demais presentes para que apenas os sete membros votantes avaliassem um caso espec\u00edfico.<br \/>\nGustavo Marrone tinha sido nomeado seis meses antes para a Secretaria Nacional de Justi\u00e7a e para a presid\u00eancia do CONARE pelo ent\u00e3o ministro do governo Michel Temer, Alexandre de Moraes. O atual integrante do STF foi s\u00f3cio do pai de Gustavo Marrone durante 14 anos em um escrit\u00f3rio de advocacia. <\/p>\n<p>Um longo e caloroso debate, de \u201ccar\u00e1ter sigiloso\u201d, fechado entre as quatro paredes, sucedeu a sustenta\u00e7\u00e3o oral da defesa do interessado, como est\u00e1 descrito na Ata da 118\u00ba Reuni\u00e3o Plen\u00e1ria do Conare, obtida pela reportagem. <\/p>\n<p>Por fim, depois de horas, o CONARE deferiu a solicita\u00e7\u00e3o e \u201creconheceu a condi\u00e7\u00e3o de refugiado para o solicitante\u201d. <\/p>\n<a href=\"https:\/\/agenciasportlight.com.br\/index.php\/2019\/11\/13\/reverenciado-em-evento-de-eduardo-bolsonaro-como-o-maior-inimigo-de-evo-morales-boliviano-croata-ganhou-status-de-refugiado-pos-temer-e-aparece-67-vezes-no-panama-papers\/\">Leia mais -><\/a>.","protected":false},"author":1,"featured_media":4001,"comment_status":"open","ping_status":"open","sticky":false,"template":"","format":"image","meta":{"footnotes":""},"categories":[3],"tags":[66,65,67],"class_list":["post-3989","post","type-post","status-publish","format-image","has-post-thumbnail","hentry","category-reportagem","tag-bolsonaro","tag-evo","tag-golpe","post_format-post-format-image"],"_links":{"self":[{"href":"https:\/\/agenciasportlight.com.br\/index.php\/wp-json\/wp\/v2\/posts\/3989","targetHints":{"allow":["GET"]}}],"collection":[{"href":"https:\/\/agenciasportlight.com.br\/index.php\/wp-json\/wp\/v2\/posts"}],"about":[{"href":"https:\/\/agenciasportlight.com.br\/index.php\/wp-json\/wp\/v2\/types\/post"}],"author":[{"embeddable":true,"href":"https:\/\/agenciasportlight.com.br\/index.php\/wp-json\/wp\/v2\/users\/1"}],"replies":[{"embeddable":true,"href":"https:\/\/agenciasportlight.com.br\/index.php\/wp-json\/wp\/v2\/comments?post=3989"}],"version-history":[{"count":3,"href":"https:\/\/agenciasportlight.com.br\/index.php\/wp-json\/wp\/v2\/posts\/3989\/revisions"}],"predecessor-version":[{"id":4007,"href":"https:\/\/agenciasportlight.com.br\/index.php\/wp-json\/wp\/v2\/posts\/3989\/revisions\/4007"}],"wp:featuredmedia":[{"embeddable":true,"href":"https:\/\/agenciasportlight.com.br\/index.php\/wp-json\/wp\/v2\/media\/4001"}],"wp:attachment":[{"href":"https:\/\/agenciasportlight.com.br\/index.php\/wp-json\/wp\/v2\/media?parent=3989"}],"wp:term":[{"taxonomy":"category","embeddable":true,"href":"https:\/\/agenciasportlight.com.br\/index.php\/wp-json\/wp\/v2\/categories?post=3989"},{"taxonomy":"post_tag","embeddable":true,"href":"https:\/\/agenciasportlight.com.br\/index.php\/wp-json\/wp\/v2\/tags?post=3989"}],"curies":[{"name":"wp","href":"https:\/\/api.w.org\/{rel}","templated":true}]}}