{"id":5376,"date":"2021-07-01T10:30:09","date_gmt":"2021-07-01T13:30:09","guid":{"rendered":"http:\/\/agenciasportlight.com.br\/?p=5376"},"modified":"2021-07-02T02:17:13","modified_gmt":"2021-07-02T05:17:13","slug":"documentos-mostram-qual-era-a-parte-de-francisco-maximiano-nos-negocios-com-o-ministerio-da-saude-apenas-receber-o-dinheiro","status":"publish","type":"post","link":"https:\/\/agenciasportlight.com.br\/index.php\/2021\/07\/01\/documentos-mostram-qual-era-a-parte-de-francisco-maximiano-nos-negocios-com-o-ministerio-da-saude-apenas-receber-o-dinheiro\/","title":{"rendered":"Documentos mostram qual era a parte de Francisco Maximiano nos neg\u00f3cios com o minist\u00e9rio da sa\u00fade: apenas receber o dinheiro"},"content":{"rendered":"\n<p class=\"has-drop-cap\">Francisco\nEmerson Maximiano lucrou milh\u00f5es na gest\u00e3o de Ricardo Barros como ministro da\nsa\u00fade (12\/5\/2016 a 2\/4\/2018). Seu trabalho: n\u00e3o fazer nada.<\/p>\n\n\n\n<p>Documentos p\u00fablicos obtidos pela Ag\u00eancia Sportlight de Jornalismo via Lei de Acesso \u00e0 Informa\u00e7\u00e3o (LAI) e em consultas na justi\u00e7a mostram qual era a atua\u00e7\u00e3o da Global Gest\u00e3o em Sa\u00fade junto ao minist\u00e9rio: apenas obter contratos e receber o dinheiro. Nada mais. <\/p>\n\n\n\n<figure class=\"wp-block-image\"><img loading=\"lazy\" decoding=\"async\" width=\"747\" height=\"1024\" src=\"https:\/\/agenciasportlight.com.br\/wp-content\/uploads\/2021\/07\/maximiano-contrato-747x1024.jpg\" alt=\"\" class=\"wp-image-5413\" srcset=\"https:\/\/agenciasportlight.com.br\/wp-content\/uploads\/2021\/07\/maximiano-contrato-747x1024.jpg 747w, https:\/\/agenciasportlight.com.br\/wp-content\/uploads\/2021\/07\/maximiano-contrato-219x300.jpg 219w, https:\/\/agenciasportlight.com.br\/wp-content\/uploads\/2021\/07\/maximiano-contrato-768x1053.jpg 768w, https:\/\/agenciasportlight.com.br\/wp-content\/uploads\/2021\/07\/maximiano-contrato.jpg 1414w\" sizes=\"auto, (max-width: 747px) 100vw, 747px\" \/><\/figure>\n\n\n\n<p class=\"has-medium-font-size\"><strong>CONTRATO ENTRE MINIST\u00c9RIO E GLOBAL N\u00c3O FALA EM TERCEIRIZA\u00c7\u00c3O OU CITA OUTRA EMPRESA<\/strong><\/p>\n\n\n\n<p>Da\u00ed em diante, terceirizava a opera\u00e7\u00e3o e ficava, ao menos em um primeiro momento, com 95% do montante bruto. No caso, a terceirizada que realmente realizava todo o servi\u00e7o, \u00e9 uma empresa de brasileiros situada no Panam\u00e1, pa\u00eds conhecido como para\u00edso fiscal. Em resumo: na rela\u00e7\u00e3o com o minist\u00e9rio da sa\u00fade, a empresa de Francisco Maximiano era apenas uma central arrecadadora que recebia a verba do governo e terceirizava o servi\u00e7o. O contrato entre o minist\u00e9rio e a Global n\u00e3o citava a possibilidade de terceirizar a tarefa para qualquer outra empresa.<\/p>\n\n\n\n<p>A dupla Ricardo\nBarros e Francisco Maximiano est\u00e1 novamente sob os holofotes de um esc\u00e2ndalo de\ncorrup\u00e7\u00e3o na compra de medicamentos, agora com as vacinas Covaxin. Em 2017, Barros,\nagora deputado federal pelo PP-PR e l\u00edder do governo Bolsonaro, estava \u00e0 frente\nda pasta de sa\u00fade e fechou uma compra de rem\u00e9dios (Fabrazyme, Myozyme e\nAldurazyme) para pacientes com doen\u00e7as raras. Valor de R$ 19.906.197,76\n(dezenove milh\u00f5es, novecentos e seis mil, cento e noventa e sete reais e\nsetenta e seis centavos). Sem licita\u00e7\u00e3o. A Global Gest\u00e3o em Sa\u00fade, do mesmo\ngrupo e acionista da Precisa, ambas de Francisco Maximiano, ficou com o\ncontrato. <\/p>\n\n\n\n<p>No ato seguinte, Francisco Maximiano acertou com uma offshore com sede no Panam\u00e1 para que essa realizasse toda a transa\u00e7\u00e3o, como mostram documentos da Receita Federal e uma interpela\u00e7\u00e3o extrajudicial registrada na justi\u00e7a de S\u00e3o Paulo. Na pe\u00e7a, a Global busca reaver uma parte da verba, j\u00e1 que um dos medicamentos n\u00e3o foi obtido. E os n\u00fameros da transa\u00e7\u00e3o de terceiriza\u00e7\u00e3o est\u00e3o expostos, como os 5% pagos pela Global para tal empresa realizar todo trabalho de compra e importa\u00e7\u00e3o dos rem\u00e9dios. <\/p>\n\n\n\n<figure class=\"wp-block-image\"><img loading=\"lazy\" decoding=\"async\" width=\"1024\" height=\"168\" src=\"https:\/\/agenciasportlight.com.br\/wp-content\/uploads\/2021\/07\/maximiano-alcopi-x-global-1-vale-1024x168.jpg\" alt=\"\" class=\"wp-image-5379\" srcset=\"https:\/\/agenciasportlight.com.br\/wp-content\/uploads\/2021\/07\/maximiano-alcopi-x-global-1-vale-1024x168.jpg 1024w, https:\/\/agenciasportlight.com.br\/wp-content\/uploads\/2021\/07\/maximiano-alcopi-x-global-1-vale-300x49.jpg 300w, https:\/\/agenciasportlight.com.br\/wp-content\/uploads\/2021\/07\/maximiano-alcopi-x-global-1-vale-768x126.jpg 768w, https:\/\/agenciasportlight.com.br\/wp-content\/uploads\/2021\/07\/maximiano-alcopi-x-global-1-vale.jpg 1381w\" sizes=\"auto, (max-width: 1024px) 100vw, 1024px\" \/><\/figure>\n\n\n\n<figure class=\"wp-block-image\"><img loading=\"lazy\" decoding=\"async\" width=\"981\" height=\"1024\" src=\"https:\/\/agenciasportlight.com.br\/wp-content\/uploads\/2021\/07\/maximiano-alcopi-x-global-2-981x1024.jpg\" alt=\"\" class=\"wp-image-5380\" srcset=\"https:\/\/agenciasportlight.com.br\/wp-content\/uploads\/2021\/07\/maximiano-alcopi-x-global-2-981x1024.jpg 981w, https:\/\/agenciasportlight.com.br\/wp-content\/uploads\/2021\/07\/maximiano-alcopi-x-global-2-287x300.jpg 287w, https:\/\/agenciasportlight.com.br\/wp-content\/uploads\/2021\/07\/maximiano-alcopi-x-global-2-768x802.jpg 768w, https:\/\/agenciasportlight.com.br\/wp-content\/uploads\/2021\/07\/maximiano-alcopi-x-global-2.jpg 1375w\" sizes=\"auto, (max-width: 981px) 100vw, 981px\" \/><\/figure>\n\n\n\n<figure class=\"wp-block-image\"><img loading=\"lazy\" decoding=\"async\" width=\"1024\" height=\"170\" src=\"https:\/\/agenciasportlight.com.br\/wp-content\/uploads\/2021\/07\/maximiano-alcopi-x-global-3-1024x170.jpg\" alt=\"\" class=\"wp-image-5381\" srcset=\"https:\/\/agenciasportlight.com.br\/wp-content\/uploads\/2021\/07\/maximiano-alcopi-x-global-3-1024x170.jpg 1024w, https:\/\/agenciasportlight.com.br\/wp-content\/uploads\/2021\/07\/maximiano-alcopi-x-global-3-300x50.jpg 300w, https:\/\/agenciasportlight.com.br\/wp-content\/uploads\/2021\/07\/maximiano-alcopi-x-global-3-768x127.jpg 768w, https:\/\/agenciasportlight.com.br\/wp-content\/uploads\/2021\/07\/maximiano-alcopi-x-global-3-1320x220.jpg 1320w, https:\/\/agenciasportlight.com.br\/wp-content\/uploads\/2021\/07\/maximiano-alcopi-x-global-3.jpg 1326w\" sizes=\"auto, (max-width: 1024px) 100vw, 1024px\" \/><\/figure>\n\n\n\n<p>A contratada por Francisco Maximiano \u00e9 a Alcopi Internacional. Aberta na Cidade do Panam\u00e1, de acordo com os documentos obtidos pela reportagem na junta comercial panamenha, no dia 11 de maio de 2016. Ricardo Barros assumiu como ministro da sa\u00fade no dia seguinte, 12 de maio, mesmo dia em que Michel Temer tomou posse como presidente interino. <\/p>\n\n\n\n<p>A empresa\nest\u00e1 em nome de tr\u00eas empres\u00e1rios brasileiros (Vito Corassa Junior, Helio\nAlberini e Claudio Piovesan), e tem dezenas de itens como seu objeto, desde\ncom\u00e9rcio e log\u00edstica dos mais diversos materiais, entre eles medicamentos e\nintermedia\u00e7\u00e3o de opera\u00e7\u00f5es comerciais.<\/p>\n\n\n\n<figure class=\"wp-block-image\"><img loading=\"lazy\" decoding=\"async\" width=\"1024\" height=\"876\" src=\"https:\/\/agenciasportlight.com.br\/wp-content\/uploads\/2021\/07\/maximiano-panama-1-1024x876.jpg\" alt=\"\" class=\"wp-image-5385\" srcset=\"https:\/\/agenciasportlight.com.br\/wp-content\/uploads\/2021\/07\/maximiano-panama-1-1024x876.jpg 1024w, https:\/\/agenciasportlight.com.br\/wp-content\/uploads\/2021\/07\/maximiano-panama-1-300x257.jpg 300w, https:\/\/agenciasportlight.com.br\/wp-content\/uploads\/2021\/07\/maximiano-panama-1-768x657.jpg 768w, https:\/\/agenciasportlight.com.br\/wp-content\/uploads\/2021\/07\/maximiano-panama-1.jpg 1479w\" sizes=\"auto, (max-width: 1024px) 100vw, 1024px\" \/><\/figure>\n\n\n\n<figure class=\"wp-block-image\"><img loading=\"lazy\" decoding=\"async\" width=\"1024\" height=\"500\" src=\"https:\/\/agenciasportlight.com.br\/wp-content\/uploads\/2021\/07\/maximiano-panama-2-1024x500.jpg\" alt=\"\" class=\"wp-image-5386\" srcset=\"https:\/\/agenciasportlight.com.br\/wp-content\/uploads\/2021\/07\/maximiano-panama-2-1024x500.jpg 1024w, https:\/\/agenciasportlight.com.br\/wp-content\/uploads\/2021\/07\/maximiano-panama-2-300x146.jpg 300w, https:\/\/agenciasportlight.com.br\/wp-content\/uploads\/2021\/07\/maximiano-panama-2-768x375.jpg 768w, https:\/\/agenciasportlight.com.br\/wp-content\/uploads\/2021\/07\/maximiano-panama-2.jpg 1131w\" sizes=\"auto, (max-width: 1024px) 100vw, 1024px\" \/><\/figure>\n\n\n\n<p>A parceria entre minist\u00e9rio da sa\u00fade e Global \u00e9 uma sucess\u00e3o de atropelos das normas vigentes da Anvisa para regulamenta\u00e7\u00e3o da compra de medicamentos e de atos beneficiando a empresa de Francisco Maximiano. E de um modus operandi agora bem conhecido: press\u00e3o de Ricardo Barros sobre a Anvisa.<\/p>\n\n\n\n<p>&nbsp;O minist\u00e9rio empenhou a verba para a Global em\n26 de outubro de 2017, mas a empresa sequer tinha a \u201cDeclara\u00e7\u00e3o de Detentor de\nRegistro\u201d (DDR) para distribuir o rem\u00e9dio no Brasil, como determina a Anvisa. Em\nvez de comprar diretamente do fabricante, que tinha distribuidor pr\u00f3prio no\npa\u00eds, o ministro, como mostram reportagens na ocasi\u00e3o, alegou que a empresa de\nFrancisco Maximiano tinha pre\u00e7o menor do que pr\u00f3pria distribuidora do fabricante\nno pa\u00eds e detentora do DDR no pa\u00eds e que a compra atrav\u00e9s da Global representaria\numa economia de R$ 400 mil em um ano.<\/p>\n\n\n\n<p>Pouco mais de dois meses depois, em reuni\u00e3o realizada na Anvisa no dia 18 de janeiro de 2018, dois representantes da DIGES (diretoria de gest\u00e3o) da ag\u00eancia reguladora foram taxativos ao avisar para Tiago Pontes Queiroz, representante do minist\u00e9rio da sa\u00fade, que n\u00e3o seria poss\u00edvel a Global Gest\u00e3o de Sa\u00fade realizar tal importa\u00e7\u00e3o, de acordo com as normas vigentes, como mostra a ata da reuni\u00e3o, via LAI. <\/p>\n\n\n\n<p>O\nrepresentante do minist\u00e9rio da sa\u00fade foi avisado na reuni\u00e3o de que a regra era\na importa\u00e7\u00e3o por parte de quem det\u00e9m o registro do rem\u00e9dio, o que n\u00e3o era o\ncaso da Global, e que, para importar, teria que obter a DDR do detentor, o que\nn\u00e3o obteve. Portanto, a a\u00e7\u00e3o da Global era irregular. Mesmo assim o minist\u00e9rio\nprosseguiu.<\/p>\n\n\n\n<figure class=\"wp-block-image\"><img loading=\"lazy\" decoding=\"async\" width=\"1024\" height=\"740\" src=\"https:\/\/agenciasportlight.com.br\/wp-content\/uploads\/2021\/07\/maximiano-arte-anvisa-1-1024x740.jpg\" alt=\"\" class=\"wp-image-5388\" srcset=\"https:\/\/agenciasportlight.com.br\/wp-content\/uploads\/2021\/07\/maximiano-arte-anvisa-1-1024x740.jpg 1024w, https:\/\/agenciasportlight.com.br\/wp-content\/uploads\/2021\/07\/maximiano-arte-anvisa-1-300x217.jpg 300w, https:\/\/agenciasportlight.com.br\/wp-content\/uploads\/2021\/07\/maximiano-arte-anvisa-1-768x555.jpg 768w, https:\/\/agenciasportlight.com.br\/wp-content\/uploads\/2021\/07\/maximiano-arte-anvisa-1.jpg 1307w\" sizes=\"auto, (max-width: 1024px) 100vw, 1024px\" \/><\/figure>\n\n\n\n<figure class=\"wp-block-image\"><img loading=\"lazy\" decoding=\"async\" width=\"1024\" height=\"956\" src=\"https:\/\/agenciasportlight.com.br\/wp-content\/uploads\/2021\/07\/maximiano-arte-anvisa-2-1024x956.jpg\" alt=\"\" class=\"wp-image-5389\" srcset=\"https:\/\/agenciasportlight.com.br\/wp-content\/uploads\/2021\/07\/maximiano-arte-anvisa-2-1024x956.jpg 1024w, https:\/\/agenciasportlight.com.br\/wp-content\/uploads\/2021\/07\/maximiano-arte-anvisa-2-300x280.jpg 300w, https:\/\/agenciasportlight.com.br\/wp-content\/uploads\/2021\/07\/maximiano-arte-anvisa-2-768x717.jpg 768w, https:\/\/agenciasportlight.com.br\/wp-content\/uploads\/2021\/07\/maximiano-arte-anvisa-2.jpg 1321w\" sizes=\"auto, (max-width: 1024px) 100vw, 1024px\" \/><\/figure>\n\n\n\n<p>Tiago Pontes\nQueiroz foi posto pelo centr\u00e3o durante a gest\u00e3o de Ricardo Barros para dirigir\no Departamento de Log\u00edstica do Minist\u00e9rio da Sa\u00fade (DLOG), j\u00e1 citado na CPI da\nPandemia como \u201co centro da corrup\u00e7\u00e3o do minist\u00e9rio\u201d. Junto com Ricardo Barros,\nchegou a ser denunciado pelo MPF por improbidade administrativa. N\u00e3o ficou a p\u00e9\nno governo Bolsonaro e ganhou a pasta de mobilidade urbana, onde ficou com um\nor\u00e7amento de R$6,3 bilh\u00f5es.<\/p>\n\n\n\n<p>Com a\nilegalidade barrada pela Anvisa, a Global entrou com a\u00e7\u00e3o na 6\u00aa Vara Federal do\nDF contra a Anvisa para ter o direito da licen\u00e7a de importa\u00e7\u00e3o sem possuir a\nDDR e perdeu, recorrendo em segunda inst\u00e2ncia e obtendo o direito. O neg\u00f3cio\nentre a Global e o minist\u00e9rio prosseguiu.<\/p>\n\n\n\n<p>Na ocasi\u00e3o, Ricardo Barros praticou uma de suas especialidades: os ataques violentos contra a Anvisa. Com discurso de desburocratiza\u00e7\u00e3o e falando em \u201cdefesa da vida dos pacientes\u201d, incentivou que os familiares dos que precisam desses rem\u00e9dios entrassem na justi\u00e7a contra a ag\u00eancia. Denunciou o monop\u00f3lio do mercado como sendo fruto de disputa das distribuidoras e o minist\u00e9rio chegou a divulgar nota afirmando que a justi\u00e7a teria decidido que as \u201cmedidas adotadas pela Anvisa prejudicam a concorr\u00eancia e determinam que a ag\u00eancia libere a importa\u00e7\u00e3o dos produtos\u201d. Discursos parecidos com o que viria a repetir agora, durante a pandemia, em rela\u00e7\u00e3o a libera\u00e7\u00e3o das licen\u00e7as das vacinas. Por tr\u00e1s do seu discurso e press\u00f5es, estavam pacientes com doen\u00e7as raras padecendo, assim como agora est\u00e3o mais de 500 mil mortos.<\/p>\n\n\n\n<p>A compra em\nnome da Global n\u00e3o teve \u00eaxito em todos os medicamentos. Ainda assim, a \u00edntegra\ndo contrato foi paga. <\/p>\n\n\n\n<p>Uma nota\nfiscal da Alcopi Internacional relativa ao Fabrazyme mostra que o minist\u00e9rio da\nsa\u00fade estava ciente de que empresa de Francisco Maxiamiano terceirizava seu\ncontrato.<\/p>\n\n\n\n<figure class=\"wp-block-image\"><img loading=\"lazy\" decoding=\"async\" width=\"740\" height=\"1024\" src=\"https:\/\/agenciasportlight.com.br\/wp-content\/uploads\/2021\/07\/maximiano-nota-fiscal-740x1024.jpg\" alt=\"\" class=\"wp-image-5395\" srcset=\"https:\/\/agenciasportlight.com.br\/wp-content\/uploads\/2021\/07\/maximiano-nota-fiscal-740x1024.jpg 740w, https:\/\/agenciasportlight.com.br\/wp-content\/uploads\/2021\/07\/maximiano-nota-fiscal-217x300.jpg 217w, https:\/\/agenciasportlight.com.br\/wp-content\/uploads\/2021\/07\/maximiano-nota-fiscal-768x1062.jpg 768w, https:\/\/agenciasportlight.com.br\/wp-content\/uploads\/2021\/07\/maximiano-nota-fiscal.jpg 1386w\" sizes=\"auto, (max-width: 740px) 100vw, 740px\" \/><\/figure>\n\n\n\n<p class=\"has-medium-font-size\"><strong>OFFSHORES NO PANAM\u00c1 APARECEM EM\nOUTRAS RELA\u00c7\u00d5ES DA GLOBAL<\/strong><\/p>\n\n\n\n<p>A\nproximidade com offshores em para\u00edso fiscal est\u00e3o no hist\u00f3rico de rela\u00e7\u00f5es dos\ns\u00f3cios da Global.<\/p>\n\n\n\n<p>Os registros da junta comercial de S\u00e3o Paulo mostram que Danilo Fiorini J\u00fanior entrou como acionista da Precisa em 23 de julho. Um m\u00eas antes, em 24 de junho, tinha aberto a Professional Services &amp; Consulting no Panam\u00e1, como est\u00e3o nos registros da junta panamenha.  <br>Ter uma empresa offhshore n\u00e3o \u00e9 ilegal pelas leis do Brasil, desde que declarada a Receita Federal. De acordo com os especialistas em crimes financeiros, empresas em para\u00edsos fiscais dificultam o rastreamento do dinheiro e a puni\u00e7\u00e3o aos crimes e na maior parte das vezes s\u00e3o usadas como empresas de fachada. A propriedade de uma offshore tamb\u00e9m \u00e9 um dos caminhos para se ter uma conta nesse para\u00edso fiscal e assim esconder eventual capital obtido de maneira il\u00edcita. <\/p>\n\n\n\n<figure class=\"wp-block-image\"><img loading=\"lazy\" decoding=\"async\" width=\"942\" height=\"981\" src=\"https:\/\/agenciasportlight.com.br\/wp-content\/uploads\/2021\/07\/maximiano-fiorini-1.jpg\" alt=\"\" class=\"wp-image-5392\" srcset=\"https:\/\/agenciasportlight.com.br\/wp-content\/uploads\/2021\/07\/maximiano-fiorini-1.jpg 942w, https:\/\/agenciasportlight.com.br\/wp-content\/uploads\/2021\/07\/maximiano-fiorini-1-288x300.jpg 288w, https:\/\/agenciasportlight.com.br\/wp-content\/uploads\/2021\/07\/maximiano-fiorini-1-768x800.jpg 768w\" sizes=\"auto, (max-width: 942px) 100vw, 942px\" \/><\/figure>\n\n\n\n<figure class=\"wp-block-image\"><img loading=\"lazy\" decoding=\"async\" width=\"1024\" height=\"413\" src=\"https:\/\/agenciasportlight.com.br\/wp-content\/uploads\/2021\/07\/maximiano-fiorini-2-1024x413.jpg\" alt=\"\" class=\"wp-image-5393\" srcset=\"https:\/\/agenciasportlight.com.br\/wp-content\/uploads\/2021\/07\/maximiano-fiorini-2-1024x413.jpg 1024w, https:\/\/agenciasportlight.com.br\/wp-content\/uploads\/2021\/07\/maximiano-fiorini-2-300x121.jpg 300w, https:\/\/agenciasportlight.com.br\/wp-content\/uploads\/2021\/07\/maximiano-fiorini-2-768x310.jpg 768w, https:\/\/agenciasportlight.com.br\/wp-content\/uploads\/2021\/07\/maximiano-fiorini-2.jpg 1462w\" sizes=\"auto, (max-width: 1024px) 100vw, 1024px\" \/><\/figure>\n\n\n\n<p class=\"has-medium-font-size\"><strong>DONO DE OFFSHORE NO PANAM\u00c1 TAMB\u00c9M FOI LEVADO POR FL\u00c1VIO BOLSONARO EM REUNI\u00c3O DO BNDES<\/strong><\/p>\n\n\n\n<p>O nome de Danilo Fiorini voltou ao notici\u00e1rio recentemente porque estava presente na reuni\u00e3o do BNDES em que Francisco Maximiano falou sobre seu novo empreendimento, a Xis Internet Fibra. Na ocasi\u00e3o, Danilo Fiorini foi apresentado como CEO da nova empresa do dono da Global. O encontro de Francisco Maximiano e Danilo Fiorini com Gustavo Montezano, presidente do BNDES, foi agendado pelo senador Fl\u00e1vio Bolsonaro, que estava presente na reuni\u00e3o por videoconfer\u00eancia.<\/p>\n\n\n\n<p><strong>OUTRO LADO:<\/strong><\/p>\n\n\n\n<p>A reportagem tentou contato com Ricardo Barros atrav\u00e9s do seu gabinete parlamentar mas n\u00e3o obteve resposta. Tamb\u00e9m tentou com Francisco Maximiano e Danilo Fiorini, sem sucesso, al\u00e9m de ter enviado mensagem para Vito Corassa atrav\u00e9s de suas empresas no Brasil, sem resposta. Caso venha a receber respostas, ser\u00e3o publicadas.<\/p>\n","protected":false},"excerpt":{"rendered":"<p>Francisco Emerson Maximiano lucrou milh\u00f5es na gest\u00e3o de Ricardo Barros como ministro da sa\u00fade (12\/5\/2016 a 2\/4\/2018). Seu trabalho: n\u00e3o fazer nada.<br \/>\nDocumentos p\u00fablicos obtidos pela Ag\u00eancia Sportlight de Jornalismo via Lei de Acesso \u00e0 Informa\u00e7\u00e3o (LAI) e em consultas na justi\u00e7a mostram qual era a atua\u00e7\u00e3o da Precisa Comercializa\u00e7\u00e3o de Medicamentos junto ao minist\u00e9rio: apenas obter contratos e receber o dinheiro. Nada mais. <\/p>\n<a href=\"https:\/\/agenciasportlight.com.br\/index.php\/2021\/07\/01\/documentos-mostram-qual-era-a-parte-de-francisco-maximiano-nos-negocios-com-o-ministerio-da-saude-apenas-receber-o-dinheiro\/\">Leia mais -><\/a>.","protected":false},"author":1,"featured_media":5397,"comment_status":"open","ping_status":"open","sticky":false,"template":"","format":"image","meta":{"footnotes":""},"categories":[3],"tags":[66,13,71,53],"class_list":["post-5376","post","type-post","status-publish","format-image","has-post-thumbnail","hentry","category-reportagem","tag-bolsonaro","tag-corrupcao","tag-escandalo","tag-propina","post_format-post-format-image"],"_links":{"self":[{"href":"https:\/\/agenciasportlight.com.br\/index.php\/wp-json\/wp\/v2\/posts\/5376","targetHints":{"allow":["GET"]}}],"collection":[{"href":"https:\/\/agenciasportlight.com.br\/index.php\/wp-json\/wp\/v2\/posts"}],"about":[{"href":"https:\/\/agenciasportlight.com.br\/index.php\/wp-json\/wp\/v2\/types\/post"}],"author":[{"embeddable":true,"href":"https:\/\/agenciasportlight.com.br\/index.php\/wp-json\/wp\/v2\/users\/1"}],"replies":[{"embeddable":true,"href":"https:\/\/agenciasportlight.com.br\/index.php\/wp-json\/wp\/v2\/comments?post=5376"}],"version-history":[{"count":3,"href":"https:\/\/agenciasportlight.com.br\/index.php\/wp-json\/wp\/v2\/posts\/5376\/revisions"}],"predecessor-version":[{"id":5418,"href":"https:\/\/agenciasportlight.com.br\/index.php\/wp-json\/wp\/v2\/posts\/5376\/revisions\/5418"}],"wp:featuredmedia":[{"embeddable":true,"href":"https:\/\/agenciasportlight.com.br\/index.php\/wp-json\/wp\/v2\/media\/5397"}],"wp:attachment":[{"href":"https:\/\/agenciasportlight.com.br\/index.php\/wp-json\/wp\/v2\/media?parent=5376"}],"wp:term":[{"taxonomy":"category","embeddable":true,"href":"https:\/\/agenciasportlight.com.br\/index.php\/wp-json\/wp\/v2\/categories?post=5376"},{"taxonomy":"post_tag","embeddable":true,"href":"https:\/\/agenciasportlight.com.br\/index.php\/wp-json\/wp\/v2\/tags?post=5376"}],"curies":[{"name":"wp","href":"https:\/\/api.w.org\/{rel}","templated":true}]}}