{"id":6443,"date":"2022-11-21T12:00:13","date_gmt":"2022-11-21T15:00:13","guid":{"rendered":"http:\/\/agenciasportlight.com.br\/?p=6443"},"modified":"2022-11-28T02:06:16","modified_gmt":"2022-11-28T05:06:16","slug":"agencia-de-comunicacao-que-ganhou-milhoes-no-governo-bolsonaro-contratou-a-filha-do-general-braga-netto","status":"publish","type":"post","link":"https:\/\/agenciasportlight.com.br\/index.php\/2022\/11\/21\/agencia-de-comunicacao-que-ganhou-milhoes-no-governo-bolsonaro-contratou-a-filha-do-general-braga-netto\/","title":{"rendered":"Ag\u00eancia de comunica\u00e7\u00e3o que ganhou milh\u00f5es no governo Bolsonaro contratou a filha do general Braga Netto"},"content":{"rendered":"\n<p class=\"has-drop-cap\">Detentora de contratos milion\u00e1rios com o governo Bolsonaro e vencedora da maior licita\u00e7\u00e3o da hist\u00f3ria da Uni\u00e3o do ramo no mesmo per\u00edodo, a empresa de comunica\u00e7\u00e3o FSB empregou a filha do general Walter Braga Netto. A contrata\u00e7\u00e3o, via FSBPAR LTDA, um dos bra\u00e7os do grupo, ocorreu menos de dois meses depois de Isabela Braga Netto ter que desistir de um cargo com sal\u00e1rio de R$ 13 mil na ANS (Ag\u00eancia Nacional de Sa\u00fade Suplementar), vinculada ao Minist\u00e9rio da Sa\u00fade.  <br><\/p>\n\n\n\n<p>A nomea\u00e7\u00e3o no \u00f3rg\u00e3o do estado j\u00e1 estava aprovada pela Casa Civil, que analisa a idoneidade de todas as indica\u00e7\u00f5es feitas para fun\u00e7\u00f5es federais de alto escal\u00e3o. Na ocasi\u00e3o, o general, que viria a ser o candidato a vice na chapa presidencial esse ano, ocupava a titularidade da pasta que avalizou a efetiva\u00e7\u00e3o da filha. <\/p>\n\n\n\n<p>A admiss\u00e3o de Isabela Braga Netto na FSB foi em 8 de setembro de 2020 (permanecendo at\u00e9 junho de 2022), de acordo com documentos p\u00fablicos do \u201cSistema Empresa de Recolhimento do FGTS e Informa\u00e7\u00f5es \u00e0 Previd\u00eancia Social\u201d (SEFIP). Em 22 de julho, exatos 46 dias antes de entrar na FSB, a filha do general tinha tornado p\u00fablica a desist\u00eancia para a vaga de ger\u00eancia na ANS. O cargo era de \u201can\u00e1lise setorial e contratos com prestadores\u201d. (Isabela Braga Netto \u00e9 formada em design e especializada em Comunica\u00e7\u00e3o Visual). No entanto, o vazamento da not\u00edcia pela imprensa tomou grande propor\u00e7\u00e3o e gerou a desist\u00eancia. A pandemia estava no auge. A repercuss\u00e3o negativa apontou para o conflito de interesses. <\/p>\n\n\n\n<p><strong>O V\u00cdNCULO COM A FSB:<\/strong><\/p>\n\n\n\n<figure class=\"wp-block-image\"><img loading=\"lazy\" decoding=\"async\" width=\"717\" height=\"238\" src=\"https:\/\/agenciasportlight.com.br\/wp-content\/uploads\/2022\/11\/isabela-braga-netto-folha-salarial-fsb.jpg\" alt=\"\" class=\"wp-image-6444\" srcset=\"https:\/\/agenciasportlight.com.br\/wp-content\/uploads\/2022\/11\/isabela-braga-netto-folha-salarial-fsb.jpg 717w, https:\/\/agenciasportlight.com.br\/wp-content\/uploads\/2022\/11\/isabela-braga-netto-folha-salarial-fsb-300x100.jpg 300w\" sizes=\"auto, (max-width: 717px) 100vw, 717px\" \/><\/figure>\n\n\n\n<p><strong>GENERAL BRAGA NETTO DEU AVAL PARA ADMISS\u00c3O EM CARGO P\u00daBLICO &#8220;PAUTADA NA \u00c9TICA E NA TRANSPAR\u00caNCIA&#8221;<\/strong><\/p>\n\n\n\n<p>No caso da contrata\u00e7\u00e3o pelo \u00f3rg\u00e3o p\u00fablico, logo ap\u00f3s a desist\u00eancia, a ANS publicou comunicados afirmando que a nomea\u00e7\u00e3o teria \u201catendido todos os requisitos para o cargo&#8221;, e que seguia \u201crequisitos t\u00e9cnicos e era pautada na \u00e9tica e na transpar\u00eancia.&#8221; <\/p>\n\n\n\n<p>&#8220;&#8230; o processo para a\nocupa\u00e7\u00e3o do cargo gerou repercuss\u00f5es distorcidas e ila\u00e7\u00f5es&#8221;, afirmou na\nocasi\u00e3o o diretor de desenvolvimento setorial, Rodrigo Rodrigues de Aguiar.\n&#8220;Reitero que o processo seletivo foi conduzido no \u00e2mbito da ANS, sem\nsofrer inger\u00eancias externas&#8221;, completou.<\/p>\n\n\n\n<p><strong>TCU APONTOU SUSPEITAS DE DIRECIONAMENTO NA LICITA\u00c7\u00c3O\nMILION\u00c1RIA DO GOVERNO BOLSONARO COM A FSB<\/strong><\/p>\n\n\n\n<p>No \u00faltimo 2 de abril, a A FSB Comunica\u00e7\u00e3o e Planejamento Estrat\u00e9gico venceu a licita\u00e7\u00e3o aberta para a escolha da empresa respons\u00e1vel por promover a imagem do governo Jair Bolsonaro no exterior por um ano.<\/p>\n\n\n\n<p>O valor total do contrato foi de R$ 60 milh\u00f5es, apontado como o de maior licita\u00e7\u00e3o da hist\u00f3ria da Uni\u00e3o nessa \u00e1rea. A disputa j\u00e1 tinha entrado no radar dos t\u00e9cnicos do Tribunal de Contas da Uni\u00e3o (TCU) e do MP junto ao TCU, que chegaram a pedir por duas vezes a suspens\u00e3o da concorr\u00eancia por ind\u00edcios de direcionamento.<\/p>\n\n\n\n<p>Em dezembro de 2021, Johanns Eller, da coluna da jornalista Malu Gaspar, no Globo, publicou reportagem segundo a qual as outras duas concorrentes, Weber Shandwick e a Approach, j\u00e1 tinham entrado na disputa sem poder ganhar.<\/p>\n\n\n\n<p>O direcionamento da licita\u00e7\u00e3o teria se dado, de acordo com os t\u00e9cnicos do TCU, porque s\u00f3 a FSB teria condi\u00e7\u00f5es de atender a uma parte importante das exig\u00eancias e vencer a concorr\u00eancia. O governo exigiu que as ag\u00eancias comprovassem experi\u00eancia de no m\u00ednimo tr\u00eas anos na realiza\u00e7\u00e3o de 70% dos servi\u00e7os listados no edital. E dos 19 servi\u00e7os listados, 11 se referem expressamente a tarefas prestadas para o governo federal, item que s\u00f3 a FSB poderia cumprir.<\/p>\n\n\n\n<p>Na ocasi\u00e3o, a FSB respondeu para o jornal que n\u00e3o existia \u201cdirecionamento da concorr\u00eancia e nem uma s\u00f3 empresa poderia cumprir as exig\u00eancias\u201d. A reportagem do Globo reafirmou suas informa\u00e7\u00f5es anteriores. (Nota da reportagem, 23\/11<strong>:<\/strong> ap\u00f3s a publica\u00e7\u00e3o, a FSB enviou c\u00f3pia do Ac\u00f3rd\u00e3o do TCU (n\u00ba 1526\/2022) que julgou a representa\u00e7\u00e3o do MP\/TCU improcedente).<\/p>\n\n\n\n<p><strong>EMPRESA FECHOU TAMB\u00c9M CONTRATOS DE R$ 11,2 MILH\u00d5ES COM\nMINIST\u00c9RIO DA INFRAESTRUTURA<\/strong><\/p>\n\n\n\n<p>A FSB Comunica\u00e7\u00e3o e Planejamento Estrat\u00e9gico, mesmo bra\u00e7o que assinou os R$ 60 milh\u00f5es com o Minist\u00e9rio das comunica\u00e7\u00f5es em 2022, fechou tamb\u00e9m 2 contratos no valor total de R$ 11.234.820,28 em abril de 2020 com o Minist\u00e9rio da Infraestrutura, comandado por Tarc\u00edsio de Freitas. (Nota da reportagem e corre\u00e7\u00e3o em 23\/11: conforme publica\u00e7\u00e3o no DOU, 8\/4\/2020, o valor do contrato com o minist\u00e9rio da infraestrutura pago \u00e9 de R$ 4.496.980,30. O Portal da Transpar\u00eancia d\u00e1 o valor atualizado de R$ 5.617.410,14). Total de R$ 65.617.410,14.<\/p>\n\n\n\n<p><strong>EM PLENO ANO ELEITORAL, MAIS R$ 11,9 MILH\u00d5ES PARA\nPESQUISAS<\/strong><\/p>\n\n\n\n<p>No atual ano, outro bra\u00e7o do grupo, o Instituto de Pesquisa de Reputa\u00e7\u00e3o e Imagem (IPRI), nome do Instituto FSB Pesquisa, fechou contrato de R$ 11.900.000,00 do governo Bolsonaro para realiza\u00e7\u00e3o de pesquisas. Sem licita\u00e7\u00e3o. Em pleno ano eleitoral, com a m\u00e1quina do estado pagando atos que beneficiavam a campanha.  (Nota da reportagem e corre\u00e7\u00e3o em 23\/11: a reportagem usou como fonte o Porta da Transpar\u00eancia, que n\u00e3o informa a exist\u00eancia de licita\u00e7\u00e3o. Ap\u00f3s a publica\u00e7\u00e3o, a FSB enviou a refer\u00eancia do Di\u00e1rio Oficial da Uni\u00e3o em 27 de janeiro de 2022, onde est\u00e1 citado que o IPRI foi declarado vencedor da licita\u00e7\u00e3o por modalidade Preg\u00e3o Eletr\u00f4nico n\u00ba 4\/2022).<\/p>\n\n\n\n<figure class=\"wp-block-image\"><img loading=\"lazy\" decoding=\"async\" width=\"750\" height=\"225\" src=\"https:\/\/agenciasportlight.com.br\/wp-content\/uploads\/2022\/11\/parana-pesquisa-contrato-fsb-1-1.jpg\" alt=\"\" class=\"wp-image-6446\" srcset=\"https:\/\/agenciasportlight.com.br\/wp-content\/uploads\/2022\/11\/parana-pesquisa-contrato-fsb-1-1.jpg 750w, https:\/\/agenciasportlight.com.br\/wp-content\/uploads\/2022\/11\/parana-pesquisa-contrato-fsb-1-1-300x90.jpg 300w\" sizes=\"auto, (max-width: 750px) 100vw, 750px\" \/><\/figure>\n\n\n\n<figure class=\"wp-block-image\"><img loading=\"lazy\" decoding=\"async\" width=\"730\" height=\"266\" src=\"https:\/\/agenciasportlight.com.br\/wp-content\/uploads\/2022\/11\/contrato-parana-pesquisa-fsb-2.jpg\" alt=\"\" class=\"wp-image-6448\" srcset=\"https:\/\/agenciasportlight.com.br\/wp-content\/uploads\/2022\/11\/contrato-parana-pesquisa-fsb-2.jpg 730w, https:\/\/agenciasportlight.com.br\/wp-content\/uploads\/2022\/11\/contrato-parana-pesquisa-fsb-2-300x109.jpg 300w\" sizes=\"auto, (max-width: 730px) 100vw, 730px\" \/><\/figure>\n\n\n\n<figure class=\"wp-block-image\"><img loading=\"lazy\" decoding=\"async\" width=\"721\" height=\"199\" src=\"https:\/\/agenciasportlight.com.br\/wp-content\/uploads\/2022\/11\/contrato-parana-pesquisa-fsb-3.jpg\" alt=\"\" class=\"wp-image-6449\" srcset=\"https:\/\/agenciasportlight.com.br\/wp-content\/uploads\/2022\/11\/contrato-parana-pesquisa-fsb-3.jpg 721w, https:\/\/agenciasportlight.com.br\/wp-content\/uploads\/2022\/11\/contrato-parana-pesquisa-fsb-3-300x83.jpg 300w, https:\/\/agenciasportlight.com.br\/wp-content\/uploads\/2022\/11\/contrato-parana-pesquisa-fsb-3-720x199.jpg 720w\" sizes=\"auto, (max-width: 721px) 100vw, 721px\" \/><\/figure>\n\n\n\n<p>Em 30 de julho de 2021, a Ag\u00eancia Sportlight de Jornalismo mostrou em reportagem que durante a passagem do general Braga Netto na Casa Civil, a filha pegou carona nos voos da FAB nos dias 4 e 24 de setembro de 2020, ambos partindo do Rio de Janeiro para Bras\u00edlia. J\u00e1 a mulher do general, Kathia Ancora Braga Netto, viajou Bras\u00edlia\/Rio no dia 3 de setembro daquele ano, com volta no dia seguinte e fez um ida e volta Bras\u00edlia\/Salvador nos dias 17 e 18. Nas asas da pasta do general, Jair Renan, filho do presidente da rep\u00fablica, voou de Bras\u00edlia para o Rio no dia 3 de setembro e voltou no dia seguinte, ambos tamb\u00e9m em 2020.<\/p>\n\n\n\n<figure class=\"wp-block-image\"><img loading=\"lazy\" decoding=\"async\" width=\"1024\" height=\"508\" src=\"https:\/\/agenciasportlight.com.br\/wp-content\/uploads\/2022\/11\/braga-netto-arte-voo-1024x508.jpg\" alt=\"\" class=\"wp-image-6451\" srcset=\"https:\/\/agenciasportlight.com.br\/wp-content\/uploads\/2022\/11\/braga-netto-arte-voo-1024x508.jpg 1024w, https:\/\/agenciasportlight.com.br\/wp-content\/uploads\/2022\/11\/braga-netto-arte-voo-300x149.jpg 300w, https:\/\/agenciasportlight.com.br\/wp-content\/uploads\/2022\/11\/braga-netto-arte-voo-768x381.jpg 768w, https:\/\/agenciasportlight.com.br\/wp-content\/uploads\/2022\/11\/braga-netto-arte-voo.jpg 1383w\" sizes=\"auto, (max-width: 1024px) 100vw, 1024px\" \/><\/figure>\n\n\n\n<p><strong>Outro lado:<\/strong><\/p>\n\n\n\n<p>A reportagem enviou pedido de resposta para a FSB. A empresa enviou nota assinada pela s\u00f3cia Gabriela Wolthers, abaixo publicada na \u00edntegra <strong>(*ver tamb\u00e9m nota da reportagem ao fim):<\/strong><\/p>\n\n\n\n<p><strong>FSB:<\/strong><\/p>\n\n\n\n<p>&#8220;Como s\u00f3cia da FSB, atesto que Isabela Oasse foi contratada pela empresa em setembro de 2020 para uma vaga de atendimento pleno de Comunica\u00e7\u00e3o Interna da empresa ap\u00f3s passar por um processo de sele\u00e7\u00e3o profissional da \u00e1rea de Gente e Gest\u00e3o no Rio de Janeiro. Formada em Design pela ESPM, especializada em Comunica\u00e7\u00e3o Visual, Oasse atendeu a todos os requisitos da vaga.<\/p>\n\n\n\n<p>Oasse trabalhou na empresa at\u00e9 junho de 2022, quando pediu demiss\u00e3o por ter recebido uma proposta de outra empresa. Deixou a FSB assim como entrou: de uma maneira correta, profissional. Causa indigna\u00e7\u00e3o que o simples sobrenome de uma ex-colaboradora seja usado para tentar atingir a FSB e a ex-colaboradora em quest\u00e3o.<\/p>\n\n\n\n<p>A FSB n\u00e3o contrata e nem impede a contrata\u00e7\u00e3o de colaboradores baseada em filia\u00e7\u00e3o. Gra\u00e7as a crit\u00e9rios estritamente t\u00e9cnicos de contrata\u00e7\u00e3o, a FSB se tornou, em seus 40 anos de exist\u00eancia, a maior empresa de Comunica\u00e7\u00e3o da Am\u00e9rica Latina.<\/p>\n\n\n\n<p>Importante ressaltar que o trabalho de Oasse, no Rio de Janeiro, nada tinha a ver com as contas p\u00fablicas que a FSB atende no governo federal em Bras\u00edlia, vencidas sempre ap\u00f3s longos processos licitat\u00f3rios, que s\u00e3o p\u00fablicos e acompanhados pelos \u00f3rg\u00e3os de controle da Uni\u00e3o&#8221;.<\/p>\n\n\n\n<p>Gabriela Wolthers<\/p>\n\n\n\n<p>S\u00f3cia da FSB Holding<\/p>\n\n\n\n<p><strong>Nota:<\/strong><\/p>\n\n\n\n<p>\n\nAp\u00f3s a publica\u00e7\u00e3o da reportagem, a FSB enviou a seguinte nota, aqui publicada na \u00edntegra:\n\n<\/p>\n\n\n\n<p>\nA respeito da mat\u00e9ria publicada nesta segunda-feira, dia 21 de novembro, cabe esclarecer:<br>1.\n Com refer\u00eancia \u00e0 informa\u00e7\u00e3o de que o &#8220;TCU apontou suspeitas de \ndirecionamento na licita\u00e7\u00e3o milion\u00e1ria do Governo Bolsonaro com a FSB&#8221;, \ncumpre-nos esclarecer que a representa\u00e7\u00e3o apresentada pelo MP\/TCU, \nprocesso n\u00ba 042.481\/2021-0 foi julgada IMPROCEDENTE, conforme Ac\u00f3rd\u00e3o n\u00ba\n 1526\/2022-TCU-PLEN\u00c1RIO, anexo. Portanto, ap\u00f3s a instru\u00e7\u00e3o processual, o\n Tribunal de Contas da Uni\u00e3o concluiu que n\u00e3o houve qualquer \nirregularidade no processo licitat\u00f3rio, atestando sua higidez e \nlegalidade. Segue em anexo a decis\u00e3o&nbsp;do TCU.<\/p>\n\n\n\n<p>2. O valor correto \ndo contrato firmado entre a FSB Comunica\u00e7\u00e3o e Planejamento Estrat\u00e9gico \nLTDA. e o Minist\u00e9rio de Infraestrutura \u00e9 de valor total de R$ \n4.496.980,30, conforme publica\u00e7\u00e3o no Di\u00e1rio Oficial da Uni\u00e3o do dia 8 de\n abril de 2020. Segue em anexo a publica\u00e7\u00e3o do Di\u00e1rio Oficial.<\/p>\n\n\n\n<p>3.\n N\u00e3o \u00e9 verdade que a contrata\u00e7\u00e3o de um instituto de pesquisas pela Secom\n se deu sem licita\u00e7\u00e3o. O IPRI (Instituto de Pesquisa de Reputa\u00e7\u00e3o e \nImagem), raz\u00e3o social do Instituto FSB Pesquisa, \u00e9 o instituto de \npesquisas respons\u00e1vel por fornecer pesquisas quantitativas de opini\u00e3o \np\u00fablica para o Minist\u00e9rio das Comunica\u00e7\u00f5es. Como condi\u00e7\u00e3o para a \nrealiza\u00e7\u00e3o das pesquisas, o IPRI foi declarado vencedor da licita\u00e7\u00e3o por\n modalidade Preg\u00e3o Eletr\u00f4nico n\u00ba 4\/2022, publicado no Di\u00e1rio Oficial da \nUni\u00e3o em 27 de janeiro de 2022. O IPRI foi o vencedor da licita\u00e7\u00e3o por \npreg\u00e3o eletr\u00f4nico, disputada por v\u00e1rias empresas, ao apresentar o menor \npre\u00e7o e a qualifica\u00e7\u00e3o t\u00e9cnica e capacidade de atendimento requerida \npelo edital. Segue em anexo o edital publicado em 25 de janeiro a \nrespeito do pegr\u00e3o eletr\u00f4nico n\u00ba 04\/2022.<\/p>\n\n\n\n<p><\/p>\n\n\n\n<p><strong>General Walter Braga Netto: <\/strong><\/p>\n\n\n\n<p>Como o general Walter Braga Netto n\u00e3o ocupa mais cargo no governo federal no momento, a reportagem escreveu para ouvir o mesmo atrav\u00e9s do Comando do Ex\u00e9rcito, solicitando a resposta do general. O Comando do Ex\u00e9rcito enviou a resposta abaixo:<\/p>\n\n\n\n<p>&#8220;Atendendo a sua solicita\u00e7\u00e3o, formulada por meio de mensagem eletr\u00f4nica de  14 de novembro de 2022, o Centro de Comunica\u00e7\u00e3o Social do Ex\u00e9rcito orienta  que, por se tratar de militar da reserva, seja procurada a assessoria do  pr\u00f3prio General para tratar do assunto em tela&#8221;.<\/p>\n\n\n\n<p><strong>Nota da reportagem<\/strong>: tentamos contato com o general Braga Netto por outras vias depois de solicitar encaminhamento via Comando do Ex\u00e9rcito, sem sucesso. Qualquer atualiza\u00e7\u00e3o, ser\u00e1 aqui publicada.<br> <\/p>\n\n\n\n<p><strong>Isabela Braga Netto: <\/strong><\/p>\n\n\n\n<p>A reportagem n\u00e3o conseguiu contato com Isabela Braga Netto. Pediu a FSB que encaminhasse tal pedido. Caso seja enviado, ser\u00e1 acrescentado aqui.<\/p>\n\n\n\n<p><strong>Nota da reportagem:<\/strong><\/p>\n\n\n\n<p><strong>(*) <\/strong>N\u00e3o \u00e9 praxe da Ag\u00eancia Sportlight de Jornalismo comentar respostas de \u201coutro lado\u201d. No entanto, como a nota da FSB fala no &#8220;uso do sobrenome de colaboradora&#8221; por parte da reportagem \u201cpara atingir a FSB e a ex-colaboradora em quest\u00e3o, o esclarecimento se faz necess\u00e1rio:<\/p>\n\n\n\n<p>N\u00e3o iremos nos concentrar na possibilidade levantada de \u201ctentar atingir a FSB e a ex-colaboradora em quest\u00e3o&#8221;. Por t\u00e3o despropositada hip\u00f3tese. Seria at\u00e9 pat\u00e9tico um pequeno e modesto site de jornalismo, um bloco do eu sozinho feito artesanalmente, ter a inten\u00e7\u00e3o de \u201catingir\u201d a \u201cmaior empresa de comunica\u00e7\u00e3o da Am\u00e9rica Latina\u201d, como dito pela pr\u00f3pria s\u00f3cia. O mesmo desarrazoado e absolutamente desprovido de qualquer sentido razo\u00e1vel de \u201catingir\u201d se faz em rela\u00e7\u00e3o a noticiar a pessoa contratada em quest\u00e3o. <\/p>\n\n\n\n<p>A \u00fanica raz\u00e3o de publicar a reportagem acima \u00e9 a mesma vigente em todas as outras reportagens deste site: o interesse p\u00fablico. Na certeza de que, como ensina a mestra Giannina Segnini, diretora na \u201cJournalism School at Columbia University\u201d e refer\u00eancia mundial do of\u00edcio, \u201cjornalistas n\u00e3o investigam delitos, fun\u00e7\u00e3o de agentes dos \u00f3rg\u00e3os p\u00fablicos. Jornalistas investigam fatos de interesse p\u00fablico, sejam eles delitos ou n\u00e3o\u201d. Tenham conflitos de interesse ou n\u00e3o. Condi\u00e7\u00e3o fundamental para a sobreviv\u00eancia das democracias e do estado de direito. Vale sempre lembrar, em um momento da vida brasileira em que tais valores est\u00e3o massacrados e golpes de estado s\u00e3o fomentados.<\/p>\n\n\n\n<p>Qualquer \u201cPEP\u201d, a \u201cpessoa exposta politicamente\u201d, ou \u201cocupantes de cargos e fun\u00e7\u00f5es p\u00fablicas\u201d, conceito estabelecido universalmente desde 2006, est\u00e1 sujeita a esse escrut\u00ednio. Assim como, de acordo com a Estrat\u00e9gia Nacional de Combate \u00e0 Corrup\u00e7\u00e3o e \u00e0 Lavagem de Dinheiro (ENCCLA), os \u201cfamiliares\u201d dessas PEPs. E, de acordo com as normas, s\u00e3o considerados familiares os \u201cparentes, na linha direta, at\u00e9 o segundo grau, o c\u00f4njuge, o companheiro, a companheira, o enteado e a enteada\u201d.<\/p>\n\n\n\n<p>Diante do que, assim como j\u00e1 ocorrera no epis\u00f3dio da contrata\u00e7\u00e3o da filha do general Braga Netto para \u00f3rg\u00e3o p\u00fablico, parece claro que os v\u00ednculos de qualquer PEP com empresa detentora de contratos com institui\u00e7\u00f5es do estado s\u00e3o de absoluto interesse p\u00fablico. E raz\u00e3o \u00fanica da reportagem.<\/p>\n\n\n\n<p>L\u00facio de Castro<\/p>\n\n\n\n<p>Ag\u00eancia Sportlight de Jornalismo<\/p>\n","protected":false},"excerpt":{"rendered":"<p>Detentora de contratos milion\u00e1rios com o governo Bolsonaro e vencedora da maior licita\u00e7\u00e3o da hist\u00f3ria da Uni\u00e3o do ramo no mesmo per\u00edodo, a empresa de comunica\u00e7\u00e3o FSB empregou a filha do general Walter Braga Netto. A contrata\u00e7\u00e3o foi feita menos de dois meses depois de Isabela Braga Netto ter que desistir de um cargo com sal\u00e1rio de R$ 13 mil na ANS (Ag\u00eancia Nacional de Sa\u00fade Suplementar). <\/p>\n<a href=\"https:\/\/agenciasportlight.com.br\/index.php\/2022\/11\/21\/agencia-de-comunicacao-que-ganhou-milhoes-no-governo-bolsonaro-contratou-a-filha-do-general-braga-netto\/\">Leia mais -><\/a>.","protected":false},"author":1,"featured_media":6453,"comment_status":"open","ping_status":"open","sticky":false,"template":"","format":"image","meta":{"footnotes":""},"categories":[3],"tags":[66,105,13],"class_list":["post-6443","post","type-post","status-publish","format-image","has-post-thumbnail","hentry","category-reportagem","tag-bolsonaro","tag-braga-netto","tag-corrupcao","post_format-post-format-image"],"_links":{"self":[{"href":"https:\/\/agenciasportlight.com.br\/index.php\/wp-json\/wp\/v2\/posts\/6443","targetHints":{"allow":["GET"]}}],"collection":[{"href":"https:\/\/agenciasportlight.com.br\/index.php\/wp-json\/wp\/v2\/posts"}],"about":[{"href":"https:\/\/agenciasportlight.com.br\/index.php\/wp-json\/wp\/v2\/types\/post"}],"author":[{"embeddable":true,"href":"https:\/\/agenciasportlight.com.br\/index.php\/wp-json\/wp\/v2\/users\/1"}],"replies":[{"embeddable":true,"href":"https:\/\/agenciasportlight.com.br\/index.php\/wp-json\/wp\/v2\/comments?post=6443"}],"version-history":[{"count":3,"href":"https:\/\/agenciasportlight.com.br\/index.php\/wp-json\/wp\/v2\/posts\/6443\/revisions"}],"predecessor-version":[{"id":6522,"href":"https:\/\/agenciasportlight.com.br\/index.php\/wp-json\/wp\/v2\/posts\/6443\/revisions\/6522"}],"wp:featuredmedia":[{"embeddable":true,"href":"https:\/\/agenciasportlight.com.br\/index.php\/wp-json\/wp\/v2\/media\/6453"}],"wp:attachment":[{"href":"https:\/\/agenciasportlight.com.br\/index.php\/wp-json\/wp\/v2\/media?parent=6443"}],"wp:term":[{"taxonomy":"category","embeddable":true,"href":"https:\/\/agenciasportlight.com.br\/index.php\/wp-json\/wp\/v2\/categories?post=6443"},{"taxonomy":"post_tag","embeddable":true,"href":"https:\/\/agenciasportlight.com.br\/index.php\/wp-json\/wp\/v2\/tags?post=6443"}],"curies":[{"name":"wp","href":"https:\/\/api.w.org\/{rel}","templated":true}]}}