{"id":6566,"date":"2023-01-25T20:15:23","date_gmt":"2023-01-25T23:15:23","guid":{"rendered":"http:\/\/agenciasportlight.com.br\/?p=6566"},"modified":"2023-01-25T20:22:05","modified_gmt":"2023-01-25T23:22:05","slug":"dois-deputados-da-base-bolsonarista-deram-acesso-ao-congresso-para-terroristas-presos-pela-tentativa-de-atentado-no-aeroporto-de-brasilia","status":"publish","type":"post","link":"https:\/\/agenciasportlight.com.br\/index.php\/2023\/01\/25\/dois-deputados-da-base-bolsonarista-deram-acesso-ao-congresso-para-terroristas-presos-pela-tentativa-de-atentado-no-aeroporto-de-brasilia\/","title":{"rendered":"Dois deputados da base bolsonarista deram acesso ao congresso para terroristas presos pela tentativa de atentado no aeroporto de Bras\u00edlia"},"content":{"rendered":"\n<p class=\"has-drop-cap\">Dois dos terroristas presos pela tentativa fracassada de um atentado nas imedia\u00e7\u00f5es do aeroporto de Bras\u00edlia na v\u00e9spera de natal estiveram em gabinetes parlamentares na c\u00e2mara dos deputados. As visitas foram em datas pr\u00f3ximas ao ato frustrado. <\/p>\n\n\n\n<p>De acordo com informa\u00e7\u00f5es\nobtidas via Lei de Acesso \u00e0 Informa\u00e7\u00e3o (LAI), George Washington de Oliveira\nSousa informou na recep\u00e7\u00e3o que iria ao gabinete 334, do deputado Joaquim\nPassarinho (PL-PA), em 23 de novembro de 2022, \u00e0s 12h04 e obteve autoriza\u00e7\u00e3o. <\/p>\n\n\n\n<figure class=\"wp-block-image\"><img loading=\"lazy\" decoding=\"async\" width=\"713\" height=\"186\" src=\"https:\/\/agenciasportlight.com.br\/wp-content\/uploads\/2023\/01\/terror-camara-2-george.jpg\" alt=\"\" class=\"wp-image-6569\" srcset=\"https:\/\/agenciasportlight.com.br\/wp-content\/uploads\/2023\/01\/terror-camara-2-george.jpg 713w, https:\/\/agenciasportlight.com.br\/wp-content\/uploads\/2023\/01\/terror-camara-2-george-300x78.jpg 300w\" sizes=\"auto, (max-width: 713px) 100vw, 713px\" \/><\/figure>\n\n\n\n<p>Seu c\u00famplice no plano, Alan Diego dos Santos Rodrigues, esteve na c\u00e2mara por duas vezes no m\u00eas de dezembro do ano passado. No dia 6, \u00e0s 14h34, informou que iria no anexo IV. A resposta ao pedido de LAI informa que a dire\u00e7\u00e3o comunicada pelo terrorista na portaria foi a \u201clideran\u00e7a do Podemos\u201d. Que desde 9 de fevereiro de 2021 \u00e9 ocupada pelo deputado Igor Timo (MG).<\/p>\n\n\n\n<figure class=\"wp-block-image\"><img loading=\"lazy\" decoding=\"async\" width=\"731\" height=\"214\" src=\"https:\/\/agenciasportlight.com.br\/wp-content\/uploads\/2023\/01\/terror-camara-1-alan.jpg\" alt=\"\" class=\"wp-image-6570\" srcset=\"https:\/\/agenciasportlight.com.br\/wp-content\/uploads\/2023\/01\/terror-camara-1-alan.jpg 731w, https:\/\/agenciasportlight.com.br\/wp-content\/uploads\/2023\/01\/terror-camara-1-alan-300x88.jpg 300w\" sizes=\"auto, (max-width: 731px) 100vw, 731px\" \/><\/figure>\n\n\n\n<p>No dia seguinte, 7 de dezembro, Alan Rodrigues voltou ao pr\u00e9dio. Dessa vez, a informa\u00e7\u00e3o \u00e9 de que esteve no audit\u00f3rio Nereu Ramos, com entrada \u00e0s 10h38, mas n\u00e3o est\u00e1 informado quem autorizou a entrada.<\/p>\n\n\n\n<p><strong>Alvorada registra a entrada de um &#8220;Alan Rodrigues&#8221; no dia 27 de julho de 2022 mas n\u00e3o \u00e9 poss\u00edvel at\u00e9 aqui dizer se foi o terrorista ou se \u00e9 hom\u00f4nimo<\/strong><\/p>\n\n\n\n<p>Em 30 de novembro, nesse caso j\u00e1 noticiado em diversas reportagens, os dois estiveram juntos, com entrada ent\u00e3o pelo pr\u00e9dio do senado. Na ocasi\u00e3o, a identifica\u00e7\u00e3o foi poss\u00edvel porque foram filmados em uma audi\u00eancia p\u00fablica realizada no pr\u00f3prio senado, que discutia den\u00fancias falsas feitas pelo ainda presidente Jair Bolsonaro, em que acusava r\u00e1dios do pa\u00eds de falta de isonomia nas inser\u00e7\u00f5es de propaganda durante as elei\u00e7\u00f5es. <\/p>\n\n\n\n<p>Os registros de entrada do Pal\u00e1cio da Alvorada marcam ingresso de homem com o nome de \u201cAlan Rodrigues\u201d no dia 27 de julho de 2022, mas n\u00e3o \u00e9 poss\u00edvel precisar se \u00e9 Alan Diego dos Santos Rodrigues, porque a resposta da LAI n\u00e3o vem com identifica\u00e7\u00e3o do documento utilizado para acesso.<\/p>\n\n\n\n<p>A reportagem tamb\u00e9m solicitou LAI com registros de entrada na c\u00e2mara do terceiro envolvido no planejamento dos atentados, Wellington Macedo de Souza. O pedido ainda n\u00e3o foi respondido. Mas ao contr\u00e1rio de &#8220;Alan Rodrigues&#8221;, que n\u00e3o se pode confirmar at\u00e9 aqui ser o terrorista, \u00e9 poss\u00edvel cravar que Wellington Macedo de Souza visitou a ent\u00e3o resid\u00eancia de Bolsonaro. <a href=\"https:\/\/agenciasportlight.com.br\/index.php\/2023\/01\/18\/terroristas-financiadores-e-agitadores-palacio-da-alvorada-foi-o-epicentro-da-organizacao-de-atos-golpistas\/\">No \u00faltimo dia 18, mostramos na Ag\u00eancia Sportlight de Jornalismo que Wellington Macedo esteve no Alvorada por duas vezes em 2021.<\/a> No dia 14 de abril, entrou \u00e0s 7h24 e saiu duas horas depois, \u00e0s 9h26. Um m\u00eas depois, em 11 de maio, passou um longo tempo. Os registros de entrada e sa\u00edda do pal\u00e1cio nos anos Bolsonaro, obtidos pela reportagem tamb\u00e9m via LAI, d\u00e3o conta de que o golpista entrou \u00e0s 7h43 e saiu somente no meio da tarde, \u00e0s 15h53.<\/p>\n\n\n\n<p>Wellington Macedo chegou a trabalhar no ent\u00e3o minist\u00e9rio da mulher, da fam\u00edlia e dos direitos humanos, comandado pela agora senadora Damares Alves, como assessor da Secretaria Nacional dos Direitos da Crian\u00e7a e do Adolescente, entre os meses de fevereiro a outubro de 2019.<\/p>\n\n\n\n<p><strong>TERRORISTAS J\u00c1 ESTAVAM ACAMPADOS QUANDO FORAM AOS GABINETES DE JOAQUIM PASSARINHO E IGOR TIMO<\/strong><\/p>\n\n\n\n<p>A revela\u00e7\u00e3o dos gabinetes\ninformados pelos terroristas como destino no congresso pode abreviar a\ninvestiga\u00e7\u00e3o em curso realizada pelo senador Randolfe Rodrigues (Rede-AP). No\ndia 26 de dezembro, o l\u00edder do governo no senado pediu ao presidente da casa,\nRodrigo Pacheco (PSD-MG), informa\u00e7\u00f5es sobre a presen\u00e7a dos agora presos no\ncongresso. O pedido se referia a audi\u00eancia p\u00fablica do dia 30 de novembro. A\nsolicita\u00e7\u00e3o tamb\u00e9m pedia esclarecimentos sobre eventual presen\u00e7a de ambos em\nalgum gabinete ap\u00f3s a reuni\u00e3o. <\/p>\n\n\n\n<p>\u201cO congresso nacional, em\nhip\u00f3tese alguma, pode ser abrigo para terroristas. Isso \u00e9 um absurdo sem\nprecedentes. Precisamos dar uma resposta ao povo e mostrar que a casa de leis\nn\u00e3o \u00e9 conivente, de forma alguma, com esses criminosos\u201d, afirmou o senador na\nocasi\u00e3o.<\/p>\n\n\n\n<p>A presen\u00e7a de ambos\ncirculando nas depend\u00eancias do congresso, indo a gabinetes e audi\u00eancias, tanto\nna c\u00e2mara dos deputados como no senado, al\u00e9m da presen\u00e7a do terceiro com port\u00e3o\ndo pal\u00e1cio presidencial franqueado, demonstra e confirma o n\u00edvel de articula\u00e7\u00e3o\ndos terroristas junto aos pol\u00edticos ligados a Jair Bolsonaro e ao pr\u00f3prio, al\u00e9m\nda cumplicidade de militares com os acampamentos montados em frente aos\nquarteis do ex\u00e9rcito, transformados em incubadoras terroristas. <\/p>\n\n\n\n<p>Os terroristas j\u00e1 estavam\nacampados em frente ao QG do ex\u00e9rcito em Bras\u00edlia por ocasi\u00e3o da ida aos\ngabinetes dos deputados. <\/p>\n\n\n\n<p>De acordo com depoimento de\nAlan Diego na pol\u00edcia civil do Distrito Federal ap\u00f3s a pris\u00e3o, conversas sobre explos\u00f5es\nsempre ocorriam no acampamento, e que \u201ca\u00e7\u00e3o seria uma solu\u00e7\u00e3o para uma poss\u00edvel\ninterven\u00e7\u00e3o militar\u201d.<\/p>\n\n\n\n<p>No depoimento, Alan Diego afirmou\nque os explosivos vieram do Par\u00e1 encomendados por George Washington e que este\nteria fabricado os artefatos. Disse ainda que George contou ter feito cursos em\nBras\u00edlia para aprender a fabricar artefatos explosivos.<\/p>\n\n\n\n<p>Afirmou ainda no depoimento\nque entre 3h e 4h da v\u00e9spera do natal passou lentamente perto do\ncaminh\u00e3o-tanque que estava estacionado na via pr\u00f3xima ao aeroporto e colocou a\ncaixa na parte traseira do caminh\u00e3o.<\/p>\n\n\n\n<p>De acordo com a resposta da\nLAI, n\u00e3o \u00e9 poss\u00edvel ter o acompanhamento do visitante nas depend\u00eancias da\nc\u00e2mara depois que ele informa o destino e tem a libera\u00e7\u00e3o de entrada pelo\ngabinete. <\/p>\n\n\n\n<p>Sempre pelo Par\u00e1, Joaquim\nPassarinho foi vice-l\u00edder do governo Bolsonaro na c\u00e2mara. Depois de deixar o\nPSD, filiou-se ao PL, partido do ex-presidente, em 22 de mar\u00e7o de 2022 com\nassinatura do pr\u00f3prio Bolsonaro em cerim\u00f4nia especial. Em diversas ocasi\u00f5es,\nacompanhou o mandat\u00e1rio em viagens. Sobrinho do ex-senador e ex-governador do\nPar\u00e1, Jarbas Passarinho, quadro expoente na ditadura militar, est\u00e1 no terceiro\nmandato federal depois de dois como estadual e quatro como vereador, al\u00e9m de ter\nsido secret\u00e1rio estadual de obras. Na campanha presidencial, reafirmou seu\napoio ao candidato Bolsonaro por ser necess\u00e1rio, segundo ele, \u201ccontinuar a\nmudan\u00e7a, com o combate \u00e0 corrup\u00e7\u00e3o e resgatando valores como fam\u00edlia e f\u00e9\u201d.<\/p>\n\n\n\n<figure class=\"wp-block-image\"><img loading=\"lazy\" decoding=\"async\" width=\"659\" height=\"333\" src=\"https:\/\/agenciasportlight.com.br\/wp-content\/uploads\/2023\/01\/terror-camara-joaquim-bozo.jpg\" alt=\"\" class=\"wp-image-6572\" srcset=\"https:\/\/agenciasportlight.com.br\/wp-content\/uploads\/2023\/01\/terror-camara-joaquim-bozo.jpg 659w, https:\/\/agenciasportlight.com.br\/wp-content\/uploads\/2023\/01\/terror-camara-joaquim-bozo-300x152.jpg 300w\" sizes=\"auto, (max-width: 659px) 100vw, 659px\" \/><\/figure>\n\n\n\n<p>Reeleito para a pr\u00f3xima\nlegislatura, o l\u00edder do Podemos na c\u00e2mara foi veemente defensor de Bolsonaro no\nplen\u00e1rio durante o governo. Superior inclusive a do pr\u00f3prio partido, base\nbolsonarista, com alinhamento de 84% com as pautas do antigo governo, enquanto\na m\u00e9dia de seu partido foi de 78%. Mesmo quando S\u00e9rgio Moro foi candidato do\nPodemos ao governo, ignorou a candidatura e seguiu apoiando Bolsonaro. Suas\nfalas e postagens se notabilizaram pelos elogios desmedidos a Jair Bolsonaro e\npelo discurso de \u201cdeus, p\u00e1tria e fam\u00edlia\u201d.<\/p>\n\n\n\n<figure class=\"wp-block-image\"><img loading=\"lazy\" decoding=\"async\" width=\"658\" height=\"354\" src=\"https:\/\/agenciasportlight.com.br\/wp-content\/uploads\/2023\/01\/terror-camara-igor-bozo.jpg\" alt=\"\" class=\"wp-image-6573\" srcset=\"https:\/\/agenciasportlight.com.br\/wp-content\/uploads\/2023\/01\/terror-camara-igor-bozo.jpg 658w, https:\/\/agenciasportlight.com.br\/wp-content\/uploads\/2023\/01\/terror-camara-igor-bozo-300x161.jpg 300w\" sizes=\"auto, (max-width: 658px) 100vw, 658px\" \/><\/figure>\n\n\n\n<p>De mandato discreto, sua\npassagem mais not\u00f3ria foi em 15 de setembro de 2021, quando, sem perceber que o\nmicrofone do plen\u00e1rio estava aberto, chamou o presidente da c\u00e2mara, Arthur\nLira, de \u201cfilho da puta\u201d. No dia seguinte usou as redes para se desculpar.<\/p>\n\n\n\n<p>Como relator de duas\nrepresenta\u00e7\u00f5es contra o deputado Eduardo Bolsonaro (PSL-SP) por declara\u00e7\u00f5es a\nfavor de um \u201cnovo AI-5\u201d, agiu fortemente para blindar o parlamentar e votou em\nambas contra a continuidade do processo no conselho de \u00e9tica da c\u00e2mara. Segundo\no congressista, por \u201caus\u00eancia de justa causa\u201d. Em diversas vezes integrou a\ncomitiva presidencial.<\/p>\n\n\n\n<p><strong>OUTRO LADO:<\/strong><\/p>\n\n\n\n<p><strong>Joaquim Passarinho:<\/strong><\/p>\n\n\n\n<p>A reportagem enviou pedido de\nresposta ao deputado, sem retorno. Caso a demanda seja respondida, ser\u00e1\natualizado aqui.<\/p>\n\n\n\n<p><strong>Igor Timo:<\/strong><\/p>\n\n\n\n<p>A reportagem enviou pedido de\nresposta ao deputado, sem retorno. Caso a demanda seja respondida, ser\u00e1\natualizado aqui.<\/p>\n","protected":false},"excerpt":{"rendered":"<p>Dois dos terroristas presos pela tentativa fracassada de um atentado nas imedia\u00e7\u00f5es do aeroporto  de Bras\u00edlia na v\u00e9spera de natal estiveram em gabinetes parlamentares na c\u00e2mara dos deputados. As visitas foram em datas pr\u00f3ximas ao ato frustrado. <\/p>\n<a href=\"https:\/\/agenciasportlight.com.br\/index.php\/2023\/01\/25\/dois-deputados-da-base-bolsonarista-deram-acesso-ao-congresso-para-terroristas-presos-pela-tentativa-de-atentado-no-aeroporto-de-brasilia\/\">Leia mais -><\/a>.","protected":false},"author":1,"featured_media":6568,"comment_status":"open","ping_status":"open","sticky":false,"template":"","format":"image","meta":{"footnotes":""},"categories":[3],"tags":[66,196,195],"class_list":["post-6566","post","type-post","status-publish","format-image","has-post-thumbnail","hentry","category-reportagem","tag-bolsonaro","tag-camara-dos-deputados","tag-terroristas","post_format-post-format-image"],"_links":{"self":[{"href":"https:\/\/agenciasportlight.com.br\/index.php\/wp-json\/wp\/v2\/posts\/6566","targetHints":{"allow":["GET"]}}],"collection":[{"href":"https:\/\/agenciasportlight.com.br\/index.php\/wp-json\/wp\/v2\/posts"}],"about":[{"href":"https:\/\/agenciasportlight.com.br\/index.php\/wp-json\/wp\/v2\/types\/post"}],"author":[{"embeddable":true,"href":"https:\/\/agenciasportlight.com.br\/index.php\/wp-json\/wp\/v2\/users\/1"}],"replies":[{"embeddable":true,"href":"https:\/\/agenciasportlight.com.br\/index.php\/wp-json\/wp\/v2\/comments?post=6566"}],"version-history":[{"count":3,"href":"https:\/\/agenciasportlight.com.br\/index.php\/wp-json\/wp\/v2\/posts\/6566\/revisions"}],"predecessor-version":[{"id":6591,"href":"https:\/\/agenciasportlight.com.br\/index.php\/wp-json\/wp\/v2\/posts\/6566\/revisions\/6591"}],"wp:featuredmedia":[{"embeddable":true,"href":"https:\/\/agenciasportlight.com.br\/index.php\/wp-json\/wp\/v2\/media\/6568"}],"wp:attachment":[{"href":"https:\/\/agenciasportlight.com.br\/index.php\/wp-json\/wp\/v2\/media?parent=6566"}],"wp:term":[{"taxonomy":"category","embeddable":true,"href":"https:\/\/agenciasportlight.com.br\/index.php\/wp-json\/wp\/v2\/categories?post=6566"},{"taxonomy":"post_tag","embeddable":true,"href":"https:\/\/agenciasportlight.com.br\/index.php\/wp-json\/wp\/v2\/tags?post=6566"}],"curies":[{"name":"wp","href":"https:\/\/api.w.org\/{rel}","templated":true}]}}