{"id":6592,"date":"2023-02-08T16:45:07","date_gmt":"2023-02-08T19:45:07","guid":{"rendered":"http:\/\/agenciasportlight.com.br\/?p=6592"},"modified":"2023-02-08T16:45:09","modified_gmt":"2023-02-08T19:45:09","slug":"um-terrorista-muito-bem-relacionado-registros-mostram-wellington-macedo-na-camara-reu-ja-tinha-sido-recebido-por-bolsonaro-no-alvorada","status":"publish","type":"post","link":"https:\/\/agenciasportlight.com.br\/index.php\/2023\/02\/08\/um-terrorista-muito-bem-relacionado-registros-mostram-wellington-macedo-na-camara-reu-ja-tinha-sido-recebido-por-bolsonaro-no-alvorada\/","title":{"rendered":"Um terrorista muito bem relacionado: registros mostram Wellington Macedo na c\u00e2mara. R\u00e9u j\u00e1 tinha sido recebido por Bolsonaro no Alvorada"},"content":{"rendered":"\n<p class=\"has-drop-cap\">Nunca um terrorista deixou tantos rastros como Wellington Macedo. Todos as pegadas est\u00e3o ligadas a pol\u00edticos bolsonaristas e ao pr\u00f3prio presidente. O homem que planejou explodir um caminh\u00e3o tanque nos arredores do aeroporto de Bras\u00edlia na v\u00e9spera do natal passado esteve na c\u00e2mara dos deputados por tr\u00eas vezes nos \u00faltimos dois anos.<\/p>\n\n\n\n<p>A primeira, como mostram os documentos obtidos pela reportagem atrav\u00e9s da Lei de Acesso \u00e0 Informa\u00e7\u00e3o, foi em 18 de janeiro de 2021, quando esteve no gabinete 711, convidado pelo ent\u00e3o deputado Capit\u00e3o Wagner (Uni\u00e3o Brasil-CE, legislatura 2019-2023), entrando \u00e0s 14h29.<\/p>\n\n\n\n<p>Nove dias depois voltou e, pelo mesmo Anexo IV-A, dirigiu-se ao gabinete 705, do parlamentar Dr Jaziel (PL \u2013 CE, legislatura 2019-2023 e reeleito para a atual), \u00e0s 15h57. <\/p>\n\n\n\n<p>E no dia 7 de dezembro de 2022, foi em sess\u00e3o no Audit\u00f3rio Nereu Ramos. N\u00e3o est\u00e1 informado quem autorizou a entrada.<\/p>\n\n\n\n<figure class=\"wp-block-image\"><img loading=\"lazy\" decoding=\"async\" width=\"671\" height=\"227\" src=\"https:\/\/agenciasportlight.com.br\/wp-content\/uploads\/2023\/02\/terror-camara-wellington.jpg\" alt=\"\" class=\"wp-image-6595\" srcset=\"https:\/\/agenciasportlight.com.br\/wp-content\/uploads\/2023\/02\/terror-camara-wellington.jpg 671w, https:\/\/agenciasportlight.com.br\/wp-content\/uploads\/2023\/02\/terror-camara-wellington-300x101.jpg 300w\" sizes=\"auto, (max-width: 671px) 100vw, 671px\" \/><\/figure>\n\n\n\n<p>Em 18 de janeiro, <a href=\"https:\/\/agenciasportlight.com.br\/index.php\/2023\/01\/18\/terroristas-financiadores-e-agitadores-palacio-da-alvorada-foi-o-epicentro-da-organizacao-de-atos-golpistas\/\">mostramos em reportagem<\/a> que o terrorista circulava tamb\u00e9m pelo Pal\u00e1cio da Alvorada, a resid\u00eancia presidencial, no per\u00edodo em que o local estava ocupado por Jair Bolsonaro. Em 2021, visitou Bolsonaro em 14 de abril, entrando \u00e0s 7h24 e saindo duas horas depois, \u00e0s 9h26. Um m\u00eas depois, em 11 de maio, passou um longo tempo, tendo entrado \u00e0s 7h43 e saindo \u00e0s 15h53.<\/p>\n\n\n\n<p>A intimidade e la\u00e7os do\nterrorista com o governo Bolsonaro n\u00e3o param por a\u00ed. Wellington Macedo trabalhou\nno ent\u00e3o minist\u00e9rio da mulher, da fam\u00edlia e dos direitos humanos, comandado\nainda pela agora senadora Damares Alves, como assessor da Secretaria Nacional\ndos Direitos da Crian\u00e7a e do Adolescente, entre os meses de fevereiro a outubro\nde 2019, com sal\u00e1rio de R$ 10.373. Em 2022, se candidatou a deputado federal\npor S\u00e3o Paulo pelo PTB, mas n\u00e3o foi eleito. O terrorista est\u00e1 foragido.<\/p>\n\n\n\n<p><strong>UM TERRORISTA MUITO \u00cdNTIMO &#8211; CRONOLOGIA DOS RASTROS DE WELLINGTON MACEDO COM O BOLSONARISMO:<\/strong><\/p>\n\n\n\n<p><\/p>\n\n\n\n<p><strong>ENTRADA NA C\u00c2MARA DOS DEPUTADOS &#8211; 18\/1\/2021 &#8211; 14h29 &#8211; Anexo IV A- &nbsp;Capit\u00e3o Wagner (Uni\u00e3o Brasil-CE)  gabinete 711<\/strong><\/p>\n\n\n\n<p><strong>ENTRADA NA C\u00c2MARA DOS DEPUTADOS &#8211; 27\/1\/2021- 15h57- Anexo IV A- Dr Jaziel &nbsp;(PL-CE) \u2013 Gabinete 705 <\/strong><\/p>\n\n\n\n<p><strong>ENTRADA NO PAL\u00c1CIO DA ALVORADA \u2013 14\/4\/2021 \u2013 7H24 \u00c0S 9H26<\/strong><\/p>\n\n\n\n<p><strong>ENTRADA NO PAL\u00c1CIO DA ALVORADA- 11\/5\/2021- 7H43 \u00c0S 15H53<\/strong><\/p>\n\n\n\n<p><strong>ASSESSOR DE DAMARES ALVES- FEVEREIRO A OUTUBRO DE 2019<\/strong><\/p>\n\n\n\n<p>A pasta de Damares fez mais\npor Wellington Macedo do que apenas empregar. Em 2021, o terrorista foi preso\npor liderar e fomentar os atos antidemocr\u00e1ticos do 7 de setembro, tendo a\nsoltura determinada em 15 de outubro pelo ministro Alexandre de Moraes. Um dos\nfatores que influenciaram a decis\u00e3o foi uma vistoria de uma comiss\u00e3o da pasta\nde Damares Alves. Em nome do minist\u00e9rio da mulher, da fam\u00edlia e dos direitos\nhumanos, o relat\u00f3rio recomendava o envio de Wellington Macedo para pris\u00e3o\ndomiciliar. A comiss\u00e3o n\u00e3o informou que o preso tinha tido liga\u00e7\u00e3o com a\nministra de ent\u00e3o.<\/p>\n\n\n\n<p><strong>DEPUTADOS QUE RECEBERAM TERRORISTAS NA C\u00c2MARA FORAM\nBRA\u00c7OS DA CAMPANHA DE BOLSONARO NO CEAR\u00c1<\/strong><\/p>\n\n\n\n<p>Dr Jaziel e Capit\u00e3o Wagner\nforam base do governo Bolsonaro e vozes destacadas na campanha do ex-presidente\nno Cear\u00e1. Dr Jaziel foi reeleito. J\u00e1 o Capit\u00e3o Wagner tentou a candidatura ao\ngoverno do estado e foi derrotado. Esta semana, assumiu a secretaria de sa\u00fade\ndo munic\u00edpio cearense de Maracana\u00fa.<\/p>\n\n\n\n<p><strong>OUTRO LADO:<\/strong><\/p>\n\n\n\n<p><strong>Dr Jaziel: <\/strong><\/p>\n\n\n\n<p>A reportagem enviou pedido de resposta, sem retorno at\u00e9 aqui. Caso venha a receber, ir\u00e1 incluir aqui.<\/p>\n\n\n\n<p><strong>Capit\u00e3o Wagner:<\/strong><\/p>\n\n\n\n<p>  <br>O cidad\u00e3o citado se trata de um cearense que foi ao nosso gabinete sem  agendamento pr\u00e9vio, solicitou ser recebido e o foi, como fizemos com  qualquer brasileiro que nos procurou em Bras\u00edlia.<br> \u00c0 \u00e9poca n\u00e3o era foragido, n\u00e3o possu\u00eda mandado de pris\u00e3o. <br> Registramos que n\u00e3o participamos de nenhum ato atentat\u00f3rio aos poderes constitu\u00eddos nem em Bras\u00edlia, nem no Cear\u00e1.<br>  <\/p>\n","protected":false},"excerpt":{"rendered":"<p>Nunca um terrorista deixou tantos rastros como Wellington Macedo. Todos as pegadas est\u00e3o ligadas a pol\u00edticos bolsonaristas e ao pr\u00f3prio presidente. O homem que planejou explodir um caminh\u00e3o tanque nos arredores do aeroporto de Bras\u00edlia na v\u00e9spera do natal passado esteve na c\u00e2mara dos deputados por tr\u00eas vezes nos \u00faltimos dois anos.<\/p>\n<a href=\"https:\/\/agenciasportlight.com.br\/index.php\/2023\/02\/08\/um-terrorista-muito-bem-relacionado-registros-mostram-wellington-macedo-na-camara-reu-ja-tinha-sido-recebido-por-bolsonaro-no-alvorada\/\">Leia mais -><\/a>.","protected":false},"author":1,"featured_media":6551,"comment_status":"open","ping_status":"open","sticky":false,"template":"","format":"image","meta":{"footnotes":""},"categories":[3],"tags":[194,66,141],"class_list":["post-6592","post","type-post","status-publish","format-image","has-post-thumbnail","hentry","category-reportagem","tag-8-de-janeiro","tag-bolsonaro","tag-terrorismo","post_format-post-format-image"],"_links":{"self":[{"href":"https:\/\/agenciasportlight.com.br\/index.php\/wp-json\/wp\/v2\/posts\/6592","targetHints":{"allow":["GET"]}}],"collection":[{"href":"https:\/\/agenciasportlight.com.br\/index.php\/wp-json\/wp\/v2\/posts"}],"about":[{"href":"https:\/\/agenciasportlight.com.br\/index.php\/wp-json\/wp\/v2\/types\/post"}],"author":[{"embeddable":true,"href":"https:\/\/agenciasportlight.com.br\/index.php\/wp-json\/wp\/v2\/users\/1"}],"replies":[{"embeddable":true,"href":"https:\/\/agenciasportlight.com.br\/index.php\/wp-json\/wp\/v2\/comments?post=6592"}],"version-history":[{"count":3,"href":"https:\/\/agenciasportlight.com.br\/index.php\/wp-json\/wp\/v2\/posts\/6592\/revisions"}],"predecessor-version":[{"id":6611,"href":"https:\/\/agenciasportlight.com.br\/index.php\/wp-json\/wp\/v2\/posts\/6592\/revisions\/6611"}],"wp:featuredmedia":[{"embeddable":true,"href":"https:\/\/agenciasportlight.com.br\/index.php\/wp-json\/wp\/v2\/media\/6551"}],"wp:attachment":[{"href":"https:\/\/agenciasportlight.com.br\/index.php\/wp-json\/wp\/v2\/media?parent=6592"}],"wp:term":[{"taxonomy":"category","embeddable":true,"href":"https:\/\/agenciasportlight.com.br\/index.php\/wp-json\/wp\/v2\/categories?post=6592"},{"taxonomy":"post_tag","embeddable":true,"href":"https:\/\/agenciasportlight.com.br\/index.php\/wp-json\/wp\/v2\/tags?post=6592"}],"curies":[{"name":"wp","href":"https:\/\/api.w.org\/{rel}","templated":true}]}}